{"id":20800,"date":"2025-09-29T07:54:14","date_gmt":"2025-09-29T05:54:14","guid":{"rendered":"http:\/\/www.see-infos.de\/?p=20800"},"modified":"2025-08-21T08:24:36","modified_gmt":"2025-08-21T06:24:36","slug":"michaelistag-am-29-september-die-statue-des-erzengels-michael-in-salem","status":"publish","type":"post","link":"http:\/\/see-infos.de\/?p=20800","title":{"rendered":"Michaelistag am 29. September: Die Statue des Erzengels Michael in Salem"},"content":{"rendered":"<p>#klostersalem #ssg<\/p>\n<p><strong>MICHAELISTAG IN KLOSTER UND SCHLOSS SALEM \u2013 ERZENGEL IM M\u00dcNSTER AUSGESTELLT<\/strong><br \/>\nEin traditionsreicher Festtag, dessen Bedeutung heute fast in Vergessenheit geraten ist: Das ist der Michaelistag am 29. September. Der Erzengel Michael galt als Bezwinger des Teufels, der ihm in Gestalt eines Drachen entgegentritt, und als Anf\u00fchrer der himmlischen Heerscharen. Verehrt wurde er zudem als Heilkundiger und himmlischer Arzt. Er war daher der Patron vieler Kirchen sowie der Soldaten, der Krieger und der Kranken. In der sakralen Kunst war der Erzengel Michael ein h\u00e4ufiges Bildmotiv: als K\u00e4mpfer und Drachent\u00f6ter, in gl\u00e4nzender R\u00fcstung und mit einer Lanze in der Hand, die er in das Tier bohrt. In Kloster und Schloss Salem hat sich eine gro\u00dfe vergoldete Statue des Erzengels als besondere Kostbarkeit erhalten. Sie hat normalerweise im Klostermuseum ihren Platz, wird aber im Oktober im Salemer M\u00fcnster ausgestellt sein.<\/p>\n<p><div id=\"attachment_20801\" style=\"width: 408px\" class=\"wp-caption alignleft\"><img aria-describedby=\"caption-attachment-20801\" loading=\"lazy\" src=\"http:\/\/www.schechler.com\/see-infos\/wp-content\/uploads\/2020\/09\/35_Salem_Figur_des_Erzengel_Michael_Salemer_Muenster_Foto_SSG_Werner_Hiller-Koenig_2600.jpg\" alt=\"\" width=\"398\" height=\"600\" class=\"size-full wp-image-20801\" srcset=\"http:\/\/see-infos.de\/wp-content\/uploads\/2020\/09\/35_Salem_Figur_des_Erzengel_Michael_Salemer_Muenster_Foto_SSG_Werner_Hiller-Koenig_2600.jpg 398w, http:\/\/see-infos.de\/wp-content\/uploads\/2020\/09\/35_Salem_Figur_des_Erzengel_Michael_Salemer_Muenster_Foto_SSG_Werner_Hiller-Koenig_2600-199x300.jpg 199w\" sizes=\"(max-width: 398px) 100vw, 398px\" \/><p id=\"caption-attachment-20801\" class=\"wp-caption-text\">Salem, Figur des Erzengel Michael. Salemer M\u00fcnster: Foto &copy; SSG \/ Werner Hiller-Koenig<\/p><\/div><br \/>\n<strong>DER SALEMER ERZENGEL MICHAEL<\/strong><br \/>\nDer Salemer Erzengel Michael ist ein Kunstwerk, das noch heute von dem Wohlstand der ehemaligen Reichsabtei Salem und dem Kunstverst\u00e4ndnis der \u00c4bte zeugt. So war die Skulptur, die 1770 von Georg Ignaz Baur aus Blechen von Silber und vergoldetem Kupfer getrieben wurde, im wahrsten Sinne des Wortes ein ganz besonderes Glanzlicht der barocken Kirchenausstattung. Der Erzengel steht \u00fcber dem sich unter seinen F\u00fc\u00dfen windenden Drachen und st\u00f6\u00dft diesem die Lanze in den Rachen. Auf seinem Schild liest man die lateinische Inschrift: QUIS UT DEUS: Wer ist wie Gott \u2013 die Bedeutung des Namens \u201eMichael\u201c. Nicht nur durch ihre Gr\u00f6\u00dfe \u2013 die kostbare Arbeit ist 1,20 Meter hoch \u2013 sondern auch durch die herausragende k\u00fcnstlerische Arbeit ist die Statue ein bedeutendes Werk. Das Modell und die ben\u00f6tigten Matrizen zu ihrer Herstellung stammten wohl von Wilhelm Verhelst, dem Sohn von Aegidius Verhelst einem Augsburger Bildhauer. Die Figur wurde vermutlich um 1769 von Abt Anselm II. beauftragt. Die Skulptur ist eines von vielen hochrangigen Kunstwerken, die heute noch in der einst m\u00e4chtigen Reichsabtei Salem bestaunt werden k\u00f6nnen. Seit ihrer aufwendigen Restaurierung wird sie im Klostermuseum von Salem gezeigt, in den n\u00e4chsten Wochen ist sie im M\u00fcnster zu sehen. <\/p>\n<p><strong>STREITBARER ENGEL UND HIMMLISCHER HELFER<\/strong><br \/>\nAls starker K\u00e4mpfer und Drachent\u00f6ter, in gl\u00e4nzender R\u00fcstung und mit einer Lanze in der Hand: So begegnet man dem heiligen Michael in vielen Kunstwerken in Kirchen und Museen. Aber auch als junger, bartloser und wundersch\u00f6ner Engel wird er gezeigt: Dass er als Mensch von so perfekter Sch\u00f6nheit dargestellt ist, r\u00fchrt von seinem Namen her \u2013 er bedeutet \u201eWer ist wie Gott\u201c oder \u201eAntlitz Gottes\u201c. Wo aber liegen die Urspr\u00fcnge der Verehrung Michaels und warum ist er teilweise noch bis heute pr\u00e4sent? In der Bibel wird er als erster Himmelsf\u00fcrst und Besch\u00fctzer Israels beschrieben. Auch f\u00fcr den Sieg \u00fcber den Teufel, in Gestalt eines Drachens, ist Michael verantwortlich. Mit seinem brennenden Schwert t\u00f6tet er das Untier und st\u00f6\u00dft es hinab auf die Erde. Der Bezwinger des Satans entscheidet als \u201eSeelenw\u00e4ger\u201c \u00fcber Seligkeit im Paradies oder ewige Verdammnis eines jeden Menschen.<\/p>\n<p><strong>JAHRHUNDERTELANG IM BRAUCHTUM PR\u00c4SENT<\/strong><br \/>\n\u201eMichaelis\u201c am 29. September war traditionell ein Tag f\u00fcr Erntebr\u00e4uche und Jahrm\u00e4rkte. Als Lichtgestalt und Sieger \u00fcber das B\u00f6se soll der heilige Michael den Menschen gerade zum Anfang der dunkleren Jahreszeit Mut machen. Da ab diesem Tag auch bei Kerzenlicht gearbeitet werden musste, sagt eine alte Redewendung \u201eDer Michel z\u00fcndet\u2018s Licht an.\u201c<\/p>\n<p><strong>SERVICE UND INFORMATION<\/strong><br \/>\nKloster und Schloss Salem<br \/>\n\u00d6FFNUNGSZEITEN<br \/>\nMo &#8211; Sa 9.30 bis 18.00 Uhr, So &#038; Feiertag 10.30 bis 18.00 Uhr<\/p>\n<p>M\u00dcNSTER<br \/>\nT\u00e4glich zum freien Rundgang w\u00e4hrend der \u00d6ffnungszeiten des Klosters zug\u00e4nglich<br \/>\nKurzf\u00fchrungen: t\u00e4glich um 13.00 und 14.00 Uhr<\/p>\n<div class=\"twoclick_social_bookmarks_post_20800 social_share_privacy clearfix 1.6.4 locale-de_DE sprite-de_DE\"><\/div><div class=\"twoclick-js\"><script type=\"text\/javascript\">\/* <![CDATA[ *\/\njQuery(document).ready(function($){if($('.twoclick_social_bookmarks_post_20800')){$('.twoclick_social_bookmarks_post_20800').socialSharePrivacy({\"services\":{\"twitter\":{\"reply_to\":\"\",\"tweet_text\":\"%20Michaelistag%20am%2029.%20September%3A%20Die%20Statue%20des%20Erzengels%20Michael%20in%20Salem%20%C2%BB%20...\",\"status\":\"on\",\"txt_info\":\"2 Klicks f\\u00fcr mehr Datenschutz: Erst wenn Sie hier klicken, wird der Button aktiv und Sie k\\u00f6nnen Ihre Empfehlung an Twitter senden. Schon beim Aktivieren werden Daten an Dritte \\u00fcbertragen - siehe <em>i<\\\/em>.\",\"perma_option\":\"off\",\"language\":\"de\",\"referrer_track\":\"\"},\"gplus\":{\"status\":\"on\",\"txt_info\":\"2 Klicks f\\u00fcr mehr Datenschutz: Erst wenn Sie hier klicken, wird der Button aktiv und Sie k\\u00f6nnen Ihre Empfehlung an Google+ senden. Schon beim Aktivieren werden Daten an Dritte \\u00fcbertragen - siehe <em>i<\\\/em>.\",\"perma_option\":\"off\",\"referrer_track\":\"\"},\"xing\":{\"status\":\"on\",\"txt_info\":\"2 Klicks f\\u00fcr mehr Datenschutz: Erst wenn Sie hier klicken, wird der Button aktiv und Sie k\\u00f6nnen Ihre Empfehlung an Xing senden. Schon beim Aktivieren werden Daten an Dritte \\u00fcbertragen - siehe <em>i<\\\/em>.\",\"perma_option\":\"off\",\"language\":\"de\",\"referrer_track\":\"\"},\"pinterest\":{\"status\":\"on\",\"the_excerpt\":\"Michaelistag am 29. September: Die Statue des Erzengels Michael in Salem\",\"txt_info\":\"2 Klicks f\\u00fcr mehr Datenschutz: Erst wenn Sie hier klicken, wird der Button aktiv und Sie k\\u00f6nnen Ihre Empfehlung an Pinterest senden. Schon beim Aktivieren werden Daten an Dritte \\u00fcbertragen - siehe <em>i<\\\/em>.\",\"perma_option\":\"off\",\"media\":\"http:\\\/\\\/see-infos.de\\\/wp-content\\\/uploads\\\/2020\\\/09\\\/35_Salem_Figur_des_Erzengel_Michael_Salemer_Muenster_Foto_SSG_Werner_Hiller-Koenig_2600.jpg\"},\"linkedin\":{\"status\":\"on\",\"txt_info\":\"2 Klicks f\\u00fcr mehr Datenschutz: Erst wenn Sie hier klicken, wird der Button aktiv und Sie k\\u00f6nnen Ihre Empfehlung an LinkedIn senden. Schon beim Aktivieren werden Daten an Dritte \\u00fcbertragen - siehe <em>i<\\\/em>.\",\"perma_option\":\"off\"}},\"txt_help\":\"Wenn Sie diese Felder durch einen Klick aktivieren, werden Informationen an Facebook, Twitter, Flattr, Xing, t3n, LinkedIn, Pinterest oder Google eventuell ins Ausland \\u00fcbertragen und unter Umst\\u00e4nden auch dort gespeichert. N\\u00e4heres erfahren Sie durch einen Klick auf das <em>i<\\\/em>.\",\"settings_perma\":\"Dauerhaft aktivieren und Daten\\u00fcber-tragung zustimmen:\",\"info_link\":\"http:\\\/\\\/www.heise.de\\\/ct\\\/artikel\\\/2-Klicks-fuer-mehr-Datenschutz-1333879.html\",\"uri\":\"http:\\\/\\\/see-infos.de\\\/?p=20800\",\"post_id\":20800,\"post_title_referrer_track\":\"Michaelistag+am+29.+September%3A+Die+Statue+des+Erzengels+Michael+in+Salem\",\"display_infobox\":\"on\"});}});\n\/* ]]> *\/<\/script><\/div>","protected":false},"excerpt":{"rendered":"<p>#klostersalem #ssg MICHAELISTAG IN KLOSTER UND SCHLOSS SALEM \u2013 ERZENGEL IM M\u00dcNSTER AUSGESTELLT Ein traditionsreicher Festtag, dessen Bedeutung heute fast in Vergessenheit geraten ist: Das ist der Michaelistag am 29. September. Der Erzengel Michael galt als Bezwinger des Teufels, der ihm in Gestalt eines Drachen entgegentritt, und als Anf\u00fchrer der himmlischen Heerscharen. Verehrt wurde er [&hellip;]<\/p>\n","protected":false},"author":1,"featured_media":20801,"comment_status":"closed","ping_status":"closed","sticky":false,"template":"","format":"standard","meta":[],"categories":[1],"tags":[64,158],"_links":{"self":[{"href":"http:\/\/see-infos.de\/index.php?rest_route=\/wp\/v2\/posts\/20800"}],"collection":[{"href":"http:\/\/see-infos.de\/index.php?rest_route=\/wp\/v2\/posts"}],"about":[{"href":"http:\/\/see-infos.de\/index.php?rest_route=\/wp\/v2\/types\/post"}],"author":[{"embeddable":true,"href":"http:\/\/see-infos.de\/index.php?rest_route=\/wp\/v2\/users\/1"}],"replies":[{"embeddable":true,"href":"http:\/\/see-infos.de\/index.php?rest_route=%2Fwp%2Fv2%2Fcomments&post=20800"}],"version-history":[{"count":0,"href":"http:\/\/see-infos.de\/index.php?rest_route=\/wp\/v2\/posts\/20800\/revisions"}],"wp:featuredmedia":[{"embeddable":true,"href":"http:\/\/see-infos.de\/index.php?rest_route=\/wp\/v2\/media\/20801"}],"wp:attachment":[{"href":"http:\/\/see-infos.de\/index.php?rest_route=%2Fwp%2Fv2%2Fmedia&parent=20800"}],"wp:term":[{"taxonomy":"category","embeddable":true,"href":"http:\/\/see-infos.de\/index.php?rest_route=%2Fwp%2Fv2%2Fcategories&post=20800"},{"taxonomy":"post_tag","embeddable":true,"href":"http:\/\/see-infos.de\/index.php?rest_route=%2Fwp%2Fv2%2Ftags&post=20800"}],"curies":[{"name":"wp","href":"https:\/\/api.w.org\/{rel}","templated":true}]}}