{"id":20672,"date":"2020-12-06T08:20:36","date_gmt":"2020-12-06T07:20:36","guid":{"rendered":"http:\/\/www.see-infos.de\/?p=20672"},"modified":"2023-02-04T17:19:29","modified_gmt":"2023-02-04T16:19:29","slug":"mycabin-klettert-auf-der-erfolgsleiter-weiter-bergauf","status":"publish","type":"post","link":"http:\/\/see-infos.de\/?p=20672","title":{"rendered":"MyCabin klettert auf der Erfolgsleiter weiter bergauf!"},"content":{"rendered":"<p>#MyCabin #startup #konstanz <\/p>\n<p>Startup sichert sich Jahresf\u00f6rderung und gewinnt weiteres Pitchevent<\/p>\n<h3>MyCabin klettert auf der Erfolgsleiter weiter bergauf!<\/h3>\n<p><strong>Konstanz \u2013 Das Gr\u00fcndungsvorhaben \u201eMyCabin\u201c von Studierenden des Fachbereichs Sport der Universit\u00e4t Konstanz erh\u00e4lt einen Platz im einj\u00e4hrigen F\u00f6rderprogramm \u201eJunge Innovatoren\u201c des Ministeriums f\u00fcr Wissenschaft, Forschung und Kunst (MWK) Baden-W\u00fcrttemberg. Das Gr\u00fcnderteam um Finn Wilkesmann und Maximilian Sch\u00e4tzle wird von Arvid Kuritz (ebenfalls Sportwissenschaft) an der Universit\u00e4t Konstanz betreut und reagiert mit MyCabin auf den gesellschaftlichen Bedarf, kontaktfrei, naturverbunden und entschleunigend zu reisen. Gleichzeitig l\u00f6st das Team dringende Probleme des Alpentourismus, darunter die voranschreitende Luxusentwicklung, die \u00dcberbuchung von Campingpl\u00e4tzen und das zunehmende Wildcamping. Indem es das Potenzial bestehender Ressourcen geschickt nutzt, m\u00f6chte MyCabin Reisenden echte Erlebnisse in und mit der Natur erm\u00f6glichen, den kulturellen Austausch f\u00f6rdern und dazu beitragen, dass die Urspr\u00fcnglichkeit der Alpen wieder wertgesch\u00e4tzt wird. Die F\u00f6rderung beginnt im Herbst 2020.<\/strong><\/p>\n<p>Bereits im April 2020 konnte sich das Team von MyCabin neben 10 weiteren Startups unter insgesamt 150 Bewerbern f\u00fcr den Accelerator \u201eGr\u00fcndermotor Meisterklasse\u201c qualifizieren. Auch beim Abschlussevent des dreimonatigen F\u00f6rderprogrammes im Juli konnte MyCabin erneut \u00fcberzeugen und sich in der Kategorie \u201ePublikumspreis\u201c mit dem ersten Platz erfolgreich gegen die 7 verbliebenen Teams durchsetzen. Nach der Remote-Phase konnte das Abschlussevent planm\u00e4\u00dfig in Stuttgart stattfinden. Der Pitch wurde neben der Auszeichnung durch spannende Gespr\u00e4che mit Mentoren sowie potenziellen Investoren belohnt. <\/p>\n<div id=\"attachment_20673\" style=\"width: 610px\" class=\"wp-caption alignleft\"><img aria-describedby=\"caption-attachment-20673\" loading=\"lazy\" src=\"http:\/\/www.schechler.com\/see-infos\/wp-content\/uploads\/2020\/08\/Bild-02.jpg\" alt=\"\" width=\"600\" height=\"400\" class=\"size-full wp-image-20673\" srcset=\"http:\/\/see-infos.de\/wp-content\/uploads\/2020\/08\/Bild-02.jpg 600w, http:\/\/see-infos.de\/wp-content\/uploads\/2020\/08\/Bild-02-300x200.jpg 300w\" sizes=\"(max-width: 600px) 100vw, 600px\" \/><p id=\"caption-attachment-20673\" class=\"wp-caption-text\">Captured at Stuttgart on 09Jul, 2020 by Marc Feix Photography<\/p><\/div>\n<p><strong>Resonanz der ersten 4 Wochen der MyCabin-Pilotphase<\/strong><br \/>\nSeit 4 Wochen befindet sich MyCabin bereits in der Pilotphase und bietet Reisenden mit Rucksack, Zelt und Camper eine kontaktfreie Alternative zu \u00fcberf\u00fcllten Campingpl\u00e4tzen und illegalen Wildcamping. Die Zahlen sprechen dabei f\u00fcr sich und verdeutlichen das allgemeine Bed\u00fcrfnis nach naturnahen \u00dcbernachtungsm\u00f6glichkeiten: Innerhalb eines Monats haben sich bereits mehr als 1500 Menschen auf MyCabin registriert, die ersten 40 \u00dcbernachtungspl\u00e4tze sind online und \u00fcber 100 Buchungen wurden bereits best\u00e4tigt. Das sch\u00f6nste daran? Die ersten Reisenden waren bereits mit MyCabin in der Natur unterwegs und die Resonanz, sowohl von G\u00e4sten als auch von Gastgebern, ist \u00fcberw\u00e4ltigend.<\/p>\n<p><strong>\u00dcber MyCabin<\/strong><br \/>\nMyCabin ist ein studentisches Start-up vom Bodensee, welches durch die Vermittlung naturnaher Unterk\u00fcnfte sanften Tourismus und lokale Landwirtschaft im Alpenraum f\u00f6rdert. Durch das private Angebot bestehender Ressourcen werden Reisenden mit Rucksack, Zelt oder Camper echte Erlebnisse in und mit der Natur erm\u00f6glicht. \u00dcber eine digitale Plattform bietet MyCabin allen Nutzenden eine automatisierte Buchung mit pers\u00f6nlichem Charakter und erm\u00f6glicht es,  die sch\u00f6nsten Orte der Alpen auf nachhaltige und naturnahe Weise zu erleben. <\/p>\n<p>MyCabin-share and explore<br \/>\n<a href=\"http:\/\/www.mycabin.eu\" rel=\"noopener noreferrer\" target=\"_blank\">www.mycabin.eu<\/a><\/p>\n<div class=\"twoclick_social_bookmarks_post_20672 social_share_privacy clearfix 1.6.4 locale-de_DE sprite-de_DE\"><\/div><div class=\"twoclick-js\"><script type=\"text\/javascript\">\/* <![CDATA[ *\/\njQuery(document).ready(function($){if($('.twoclick_social_bookmarks_post_20672')){$('.twoclick_social_bookmarks_post_20672').socialSharePrivacy({\"services\":{\"twitter\":{\"reply_to\":\"\",\"tweet_text\":\"%20MyCabin%20klettert%20auf%20der%20Erfolgsleiter%20weiter%20bergauf%21%20%C2%BB%20See-Infos.de%20%23Wirtschaft%20...\",\"status\":\"on\",\"txt_info\":\"2 Klicks f\\u00fcr mehr Datenschutz: Erst wenn Sie hier klicken, wird der Button aktiv und Sie k\\u00f6nnen Ihre Empfehlung an Twitter senden. Schon beim Aktivieren werden Daten an Dritte \\u00fcbertragen - siehe <em>i<\\\/em>.\",\"perma_option\":\"off\",\"language\":\"de\",\"referrer_track\":\"\"},\"gplus\":{\"status\":\"on\",\"txt_info\":\"2 Klicks f\\u00fcr mehr Datenschutz: Erst wenn Sie hier klicken, wird der Button aktiv und Sie k\\u00f6nnen Ihre Empfehlung an Google+ senden. Schon beim Aktivieren werden Daten an Dritte \\u00fcbertragen - siehe <em>i<\\\/em>.\",\"perma_option\":\"off\",\"referrer_track\":\"\"},\"xing\":{\"status\":\"on\",\"txt_info\":\"2 Klicks f\\u00fcr mehr Datenschutz: Erst wenn Sie hier klicken, wird der Button aktiv und Sie k\\u00f6nnen Ihre Empfehlung an Xing senden. Schon beim Aktivieren werden Daten an Dritte \\u00fcbertragen - siehe <em>i<\\\/em>.\",\"perma_option\":\"off\",\"language\":\"de\",\"referrer_track\":\"\"},\"pinterest\":{\"status\":\"on\",\"the_excerpt\":\"MyCabin klettert auf der Erfolgsleiter weiter bergauf!\",\"txt_info\":\"2 Klicks f\\u00fcr mehr Datenschutz: Erst wenn Sie hier klicken, wird der Button aktiv und Sie k\\u00f6nnen Ihre Empfehlung an Pinterest senden. Schon beim Aktivieren werden Daten an Dritte \\u00fcbertragen - siehe <em>i<\\\/em>.\",\"perma_option\":\"off\",\"media\":\"http:\\\/\\\/www.schechler.com\\\/see-infos\\\/wp-content\\\/uploads\\\/2020\\\/08\\\/Bild-02.jpg\"},\"linkedin\":{\"status\":\"on\",\"txt_info\":\"2 Klicks f\\u00fcr mehr Datenschutz: Erst wenn Sie hier klicken, wird der Button aktiv und Sie k\\u00f6nnen Ihre Empfehlung an LinkedIn senden. Schon beim Aktivieren werden Daten an Dritte \\u00fcbertragen - siehe <em>i<\\\/em>.\",\"perma_option\":\"off\"}},\"txt_help\":\"Wenn Sie diese Felder durch einen Klick aktivieren, werden Informationen an Facebook, Twitter, Flattr, Xing, t3n, LinkedIn, Pinterest oder Google eventuell ins Ausland \\u00fcbertragen und unter Umst\\u00e4nden auch dort gespeichert. N\\u00e4heres erfahren Sie durch einen Klick auf das <em>i<\\\/em>.\",\"settings_perma\":\"Dauerhaft aktivieren und Daten\\u00fcber-tragung zustimmen:\",\"info_link\":\"http:\\\/\\\/www.heise.de\\\/ct\\\/artikel\\\/2-Klicks-fuer-mehr-Datenschutz-1333879.html\",\"uri\":\"http:\\\/\\\/see-infos.de\\\/?p=20672\",\"post_id\":20672,\"post_title_referrer_track\":\"MyCabin+klettert+auf+der+Erfolgsleiter+weiter+bergauf%21\",\"display_infobox\":\"on\"});}});\n\/* ]]> *\/<\/script><\/div>","protected":false},"excerpt":{"rendered":"<p>#MyCabin #startup #konstanz Startup sichert sich Jahresf\u00f6rderung und gewinnt weiteres Pitchevent MyCabin klettert auf der Erfolgsleiter weiter bergauf! Konstanz \u2013 Das Gr\u00fcndungsvorhaben \u201eMyCabin\u201c von Studierenden des Fachbereichs Sport der Universit\u00e4t Konstanz erh\u00e4lt einen Platz im einj\u00e4hrigen F\u00f6rderprogramm \u201eJunge Innovatoren\u201c des Ministeriums f\u00fcr Wissenschaft, Forschung und Kunst (MWK) Baden-W\u00fcrttemberg. Das Gr\u00fcnderteam um Finn Wilkesmann und Maximilian [&hellip;]<\/p>\n","protected":false},"author":1,"featured_media":22642,"comment_status":"closed","ping_status":"closed","sticky":false,"template":"","format":"standard","meta":[],"categories":[1],"tags":[51],"_links":{"self":[{"href":"http:\/\/see-infos.de\/index.php?rest_route=\/wp\/v2\/posts\/20672"}],"collection":[{"href":"http:\/\/see-infos.de\/index.php?rest_route=\/wp\/v2\/posts"}],"about":[{"href":"http:\/\/see-infos.de\/index.php?rest_route=\/wp\/v2\/types\/post"}],"author":[{"embeddable":true,"href":"http:\/\/see-infos.de\/index.php?rest_route=\/wp\/v2\/users\/1"}],"replies":[{"embeddable":true,"href":"http:\/\/see-infos.de\/index.php?rest_route=%2Fwp%2Fv2%2Fcomments&post=20672"}],"version-history":[{"count":0,"href":"http:\/\/see-infos.de\/index.php?rest_route=\/wp\/v2\/posts\/20672\/revisions"}],"wp:featuredmedia":[{"embeddable":true,"href":"http:\/\/see-infos.de\/index.php?rest_route=\/wp\/v2\/media\/22642"}],"wp:attachment":[{"href":"http:\/\/see-infos.de\/index.php?rest_route=%2Fwp%2Fv2%2Fmedia&parent=20672"}],"wp:term":[{"taxonomy":"category","embeddable":true,"href":"http:\/\/see-infos.de\/index.php?rest_route=%2Fwp%2Fv2%2Fcategories&post=20672"},{"taxonomy":"post_tag","embeddable":true,"href":"http:\/\/see-infos.de\/index.php?rest_route=%2Fwp%2Fv2%2Ftags&post=20672"}],"curies":[{"name":"wp","href":"https:\/\/api.w.org\/{rel}","templated":true}]}}