{"id":20062,"date":"2020-12-27T07:39:33","date_gmt":"2020-12-27T06:39:33","guid":{"rendered":"http:\/\/www.see-infos.de\/?p=20062"},"modified":"2023-01-19T14:40:26","modified_gmt":"2023-01-19T13:40:26","slug":"das-buch-die-hoeri-buelle-preistraeger-beim-deutschen-gartenbuchpreis-2020","status":"publish","type":"post","link":"http:\/\/see-infos.de\/?p=20062","title":{"rendered":"Das Buch &#8222;Die H\u00f6ri B\u00fclle&#8220;: Preistr\u00e4ger beim Deutschen Gartenbuchpreis 2020"},"content":{"rendered":"<p>#h\u00f6ri #hoeribuelle<\/p>\n<h3>Das Buch &#8222;Die H\u00f6ri B\u00fclle&#8220;: Preistr\u00e4ger beim Deutschen Gartenbuchpreis 2020<\/h3>\n<p><strong>Am 13. M\u00e4rz 2020 wurde zum 14. Mal der Deutsche Gartenbuchpreis auf Schloss Dennenlohe verliehen. Der Deutsche Gartenbuchpreis, pr\u00e4sentiert von Stihl, wird von Schloss Dennenlohe in neun Kategorien vergeben. Insgesamt wurden bei der vorhergehenden Jurysitzung an zwei Tagen \u00fcber 125 von den Verlagen eingereichte B\u00fccher von der Jury bewertet. <\/strong><\/p>\n<p><div id=\"attachment_20065\" style=\"width: 442px\" class=\"wp-caption alignleft\"><img aria-describedby=\"caption-attachment-20065\" loading=\"lazy\" src=\"http:\/\/www.schechler.com\/see-infos\/wp-content\/uploads\/2020\/03\/Bild1-Buchpreis.jpg\" alt=\"\" width=\"432\" height=\"500\" class=\"size-full wp-image-20065\" srcset=\"http:\/\/see-infos.de\/wp-content\/uploads\/2020\/03\/Bild1-Buchpreis.jpg 432w, http:\/\/see-infos.de\/wp-content\/uploads\/2020\/03\/Bild1-Buchpreis-259x300.jpg 259w\" sizes=\"(max-width: 432px) 100vw, 432px\" \/><p id=\"caption-attachment-20065\" class=\"wp-caption-text\">&#8222;Die H\u00f6ri B\u00fclle&#8220;. Buch mit Preistr\u00e4gerhinweis<\/p><\/div><br \/>\nDer Deutsche Gartenbuchpreis ist als Auszeichnung f\u00fcr Autorinnen und Autoren gedacht, die durch ihre Ver\u00f6ffentlichungen, den Menschen gr\u00fcnes Wissen auf besondere Art nahebringen und darauf hinweisen, dass Pflanzen, Tiere, Menschen, Gartenkultur- und Landschaft eine unteilbare Einheit bilden.<\/p>\n<p>Der Verein H\u00f6ri B\u00fclle wurde mit dem 3. Preis mit dem gleichnamigen Buch \u201eDie H\u00f6ri B\u00fclle\u201c, erschienen im Verlag Labhard Medien in der Kategorie \u201eBestes Gartenkochbuch\u201c ausgezeichnet. So ist die H\u00f6ri B\u00fclle als kulinarische Botschafterin im Genie\u00dferland Baden-W\u00fcrttemberg nun auch w\u00fcrdige Preistr\u00e4gerin bei einem bundesweit sehr angesehenen Buchpreis.<\/p>\n<p>So vielf\u00e4ltig Menschen, Landschaften und Gemeinden auf der H\u00f6ri sind, die B\u00fclle verbindet sie. Deutlich sichtbar wird das auch an der engagierten Arbeit des H\u00f6ri B\u00fclle Vereins. Das gute Zusammenspiel zwischen Erzeugung, Verarbeitung, Gastronomie und Tourismus ist Grundlage f\u00fcr die Erfolgsgeschichte der H\u00f6ri B\u00fclle. Einige Akteure aus diesen Bereichen kommen in diesem Buch zu Wort und geben dem landwirtschaftlichen Produkt ein Gesicht. <\/p>\n<p>Das im Verlag Labhard Medien erschienene sehr unterhaltsame Buch umfasst 88 Seiten und kostet \u20ac 14,80. Es ist sowohl beim Verein H\u00f6ri B\u00fclle, den Gemeinden auf der H\u00f6ri, bei vielen Projektpartnern als auch im gut sortierten Buchhandel (ISBN 978-3-944741-66-6) erh\u00e4ltlich.<\/p>\n<p>Weitere Informationen: <a href=\"http:\/\/www.gartenbuchpreis.de\/preistraeger\/#sectionPreistraeger-Garten-Kochbuch\" rel=\"noopener noreferrer\" target=\"_blank\">www.gartenbuchpreis.de\/preistraeger\/#sectionPreistraeger-Garten-Kochbuch<\/a><\/p>\n<p>Quelle: Verein H\u00f6ri B\u00fclle<\/p>\n<div class=\"twoclick_social_bookmarks_post_20062 social_share_privacy clearfix 1.6.4 locale-de_DE sprite-de_DE\"><\/div><div class=\"twoclick-js\"><script type=\"text\/javascript\">\/* <![CDATA[ *\/\njQuery(document).ready(function($){if($('.twoclick_social_bookmarks_post_20062')){$('.twoclick_social_bookmarks_post_20062').socialSharePrivacy({\"services\":{\"twitter\":{\"reply_to\":\"\",\"tweet_text\":\"%20Das%20Buch%20%E2%80%9EDie%20H%C3%B6ri%20B%C3%BClle%E2%80%9C%3A%20Preistr%C3%A4ger%20beim%20Deutschen%20...\",\"status\":\"on\",\"txt_info\":\"2 Klicks f\\u00fcr mehr Datenschutz: Erst wenn Sie hier klicken, wird der Button aktiv und Sie k\\u00f6nnen Ihre Empfehlung an Twitter senden. Schon beim Aktivieren werden Daten an Dritte \\u00fcbertragen - siehe <em>i<\\\/em>.\",\"perma_option\":\"off\",\"language\":\"de\",\"referrer_track\":\"\"},\"gplus\":{\"status\":\"on\",\"txt_info\":\"2 Klicks f\\u00fcr mehr Datenschutz: Erst wenn Sie hier klicken, wird der Button aktiv und Sie k\\u00f6nnen Ihre Empfehlung an Google+ senden. Schon beim Aktivieren werden Daten an Dritte \\u00fcbertragen - siehe <em>i<\\\/em>.\",\"perma_option\":\"off\",\"referrer_track\":\"\"},\"xing\":{\"status\":\"on\",\"txt_info\":\"2 Klicks f\\u00fcr mehr Datenschutz: Erst wenn Sie hier klicken, wird der Button aktiv und Sie k\\u00f6nnen Ihre Empfehlung an Xing senden. Schon beim Aktivieren werden Daten an Dritte \\u00fcbertragen - siehe <em>i<\\\/em>.\",\"perma_option\":\"off\",\"language\":\"de\",\"referrer_track\":\"\"},\"pinterest\":{\"status\":\"on\",\"the_excerpt\":\"Das Buch &#8222;Die H\\u00f6ri B\\u00fclle&#8220;: Preistr\\u00e4ger beim Deutschen Gartenbuchpreis 2020\",\"txt_info\":\"2 Klicks f\\u00fcr mehr Datenschutz: Erst wenn Sie hier klicken, wird der Button aktiv und Sie k\\u00f6nnen Ihre Empfehlung an Pinterest senden. Schon beim Aktivieren werden Daten an Dritte \\u00fcbertragen - siehe <em>i<\\\/em>.\",\"perma_option\":\"off\",\"media\":\"http:\\\/\\\/see-infos.de\\\/wp-content\\\/uploads\\\/2020\\\/03\\\/Bild1-Buchpreis.jpg\"},\"linkedin\":{\"status\":\"on\",\"txt_info\":\"2 Klicks f\\u00fcr mehr Datenschutz: Erst wenn Sie hier klicken, wird der Button aktiv und Sie k\\u00f6nnen Ihre Empfehlung an LinkedIn senden. Schon beim Aktivieren werden Daten an Dritte \\u00fcbertragen - siehe <em>i<\\\/em>.\",\"perma_option\":\"off\"}},\"txt_help\":\"Wenn Sie diese Felder durch einen Klick aktivieren, werden Informationen an Facebook, Twitter, Flattr, Xing, t3n, LinkedIn, Pinterest oder Google eventuell ins Ausland \\u00fcbertragen und unter Umst\\u00e4nden auch dort gespeichert. N\\u00e4heres erfahren Sie durch einen Klick auf das <em>i<\\\/em>.\",\"settings_perma\":\"Dauerhaft aktivieren und Daten\\u00fcber-tragung zustimmen:\",\"info_link\":\"http:\\\/\\\/www.heise.de\\\/ct\\\/artikel\\\/2-Klicks-fuer-mehr-Datenschutz-1333879.html\",\"uri\":\"http:\\\/\\\/see-infos.de\\\/?p=20062\",\"post_id\":20062,\"post_title_referrer_track\":\"Das+Buch+%26%238222%3BDie+H%C3%B6ri+B%C3%BClle%26%238220%3B%3A+Preistr%C3%A4ger+beim+Deutschen+Gartenbuchpreis+2020\",\"display_infobox\":\"on\"});}});\n\/* ]]> *\/<\/script><\/div>","protected":false},"excerpt":{"rendered":"<p>#h\u00f6ri #hoeribuelle Das Buch &#8222;Die H\u00f6ri B\u00fclle&#8220;: Preistr\u00e4ger beim Deutschen Gartenbuchpreis 2020 Am 13. M\u00e4rz 2020 wurde zum 14. Mal der Deutsche Gartenbuchpreis auf Schloss Dennenlohe verliehen. Der Deutsche Gartenbuchpreis, pr\u00e4sentiert von Stihl, wird von Schloss Dennenlohe in neun Kategorien vergeben. Insgesamt wurden bei der vorhergehenden Jurysitzung an zwei Tagen \u00fcber 125 von den Verlagen [&hellip;]<\/p>\n","protected":false},"author":1,"featured_media":20065,"comment_status":"closed","ping_status":"closed","sticky":false,"template":"","format":"standard","meta":[],"categories":[1,7,15],"tags":[],"_links":{"self":[{"href":"http:\/\/see-infos.de\/index.php?rest_route=\/wp\/v2\/posts\/20062"}],"collection":[{"href":"http:\/\/see-infos.de\/index.php?rest_route=\/wp\/v2\/posts"}],"about":[{"href":"http:\/\/see-infos.de\/index.php?rest_route=\/wp\/v2\/types\/post"}],"author":[{"embeddable":true,"href":"http:\/\/see-infos.de\/index.php?rest_route=\/wp\/v2\/users\/1"}],"replies":[{"embeddable":true,"href":"http:\/\/see-infos.de\/index.php?rest_route=%2Fwp%2Fv2%2Fcomments&post=20062"}],"version-history":[{"count":0,"href":"http:\/\/see-infos.de\/index.php?rest_route=\/wp\/v2\/posts\/20062\/revisions"}],"wp:featuredmedia":[{"embeddable":true,"href":"http:\/\/see-infos.de\/index.php?rest_route=\/wp\/v2\/media\/20065"}],"wp:attachment":[{"href":"http:\/\/see-infos.de\/index.php?rest_route=%2Fwp%2Fv2%2Fmedia&parent=20062"}],"wp:term":[{"taxonomy":"category","embeddable":true,"href":"http:\/\/see-infos.de\/index.php?rest_route=%2Fwp%2Fv2%2Fcategories&post=20062"},{"taxonomy":"post_tag","embeddable":true,"href":"http:\/\/see-infos.de\/index.php?rest_route=%2Fwp%2Fv2%2Ftags&post=20062"}],"curies":[{"name":"wp","href":"https:\/\/api.w.org\/{rel}","templated":true}]}}