{"id":19839,"date":"2019-12-31T07:31:58","date_gmt":"2019-12-31T06:31:58","guid":{"rendered":"http:\/\/www.see-infos.de\/?p=19839"},"modified":"2023-01-19T14:30:15","modified_gmt":"2023-01-19T13:30:15","slug":"buehnenpreis-opus-fuer-rigoletto","status":"publish","type":"post","link":"http:\/\/see-infos.de\/?p=19839","title":{"rendered":"B\u00fchnenpreis Opus f\u00fcr \u201eRigoletto\u201c"},"content":{"rendered":"<p>#bregenzerfestspiele #Opus  <\/p>\n<blockquote><p>\u201eGrenzen des Machbaren neu definiert\u201c<\/p><\/blockquote>\n<h3>B\u00fchnenpreis Opus f\u00fcr \u201eRigoletto\u201c<\/h3>\n<p><strong>Frankfurt (Main)\/Bregenz &#8211; F\u00fcr die im Sommer 2019 erstmals auf der Seeb\u00fchne gezeigte Oper Rigoletto erhalten die Bregenzer Festspiele die Auszeichnung \u201eOpus &#8211; Deutscher B\u00fchnenpreis\u201c. Die Verleihung erfolgt im April anl\u00e4sslich der Fachmesse \u201eProlight + Sound\u201c in Frankfurt (Main). <\/strong><\/p>\n<p>Nach Angaben der Messe Frankfurt pr\u00e4miert der Preis au\u00dferordentliche k\u00fcnstlerische Leistungen beim Einsatz von Technik f\u00fcr die Gestaltung von Theaterproduktionen, Konzerten, Open-Air-Events und anderen Inszenierungen. <\/p>\n<p><strong>Zum dritten Mal den Opus<\/strong><br \/>\nDas Sommerfestival erh\u00e4lt damit zum dritten Mal die renommierte Auszeichnung nach 2006 f\u00fcr das Seeb\u00fchnen-Tonsystem BOA und 2009 f\u00fcr das von Raimund Bauer gestaltete B\u00fchnenbild der Oper im Festspielhaus K\u00f6nig Roger. <\/p>\n<div id=\"attachment_18355\" style=\"width: 610px\" class=\"wp-caption alignnone\"><img aria-describedby=\"caption-attachment-18355\" loading=\"lazy\" src=\"http:\/\/www.schechler.com\/see-infos\/wp-content\/uploads\/2019\/07\/Rigoletto-1d-001-600x435.jpg\" alt=\"\" width=\"600\" height=\"435\" class=\"size-large wp-image-18355\" srcset=\"http:\/\/see-infos.de\/wp-content\/uploads\/2019\/07\/Rigoletto-1d-001.jpg 600w, http:\/\/see-infos.de\/wp-content\/uploads\/2019\/07\/Rigoletto-1d-001-300x218.jpg 300w\" sizes=\"(max-width: 600px) 100vw, 600px\" \/><p id=\"caption-attachment-18355\" class=\"wp-caption-text\">Premiere RIGOLETTO bei den Bregenzer Festspielen auf der Seeb\u00fchne Bregenz am 17.Juli 2019. Die Vorstellung beginnt &#8230;<\/p><\/div>\n<p><strong>\u201eExtrem anspruchsvolle hydraulische Steuerung\u201c<\/strong><br \/>\nEin aus dem Wasser ragender \u00fcberdimensionaler Clownskopf und seine zwei zugeh\u00f6rigen H\u00e4nde dienen als au\u00dfergew\u00f6hnliche, dreidimensionale Spielfl\u00e4che f\u00fcr Rigoletto. Der Rest der Gestalt scheint unter der Wasseroberfl\u00e4che zu verschwinden. Im Verlauf der Inszenierung bewegen sich die K\u00f6rperteile. Das Clownsgesicht verf\u00fcgt \u00fcber eine ausdrucksstarke Mimik. Ein in der linken Hand gehaltener Fesselballon steigt bis zu 45 Meter in den Bregenzer Nachthimmel empor. <\/p>\n<p>Ausschlaggebend f\u00fcr die Auszeichnung der Rigoletto-Inszenierung sei vor allem die \u201espr\u00fchende, k\u00fcnstlerische Fantasie von Regisseur und B\u00fchnenbildner Philipp St\u00f6lzl\u201c gewesen. Die Jury hob die \u201eextrem anspruchsvolle hydraulische Steuerung der lebendig wirkenden Puppenteile\u201c hervor. Au\u00dferdem existiere bei Rigoletto die Technik nicht um der Technik willen, sondern gehe Hand in Hand mit der Ausarbeitung einer k\u00fcnstlerischen Idee. Die Bregenzer Festspiele h\u00e4tten die Grenzen des Machbaren neu definiert.<\/p>\n<p>Rigoletto wird in der kommenden Saison erneut gezeigt, insgesamt sind f\u00fcr die Oper von Giuseppe Verdi an 28 Abenden rund 203.000 Karten aufgelegt. Die erste Vorstellung geht einen Tag nach Festspieler\u00f6ffnung am 23. Juli \u00fcber die B\u00fchne, das Saisonende 2020 ist am 23. August. Tickets sind vor allem noch f\u00fcr die zweite Festspielh\u00e4lfte ab 10. August verf\u00fcgbar unter <a href=\"http:\/\/www.bregenzerfestspiele.com\" rel=\"noopener noreferrer\" target=\"_blank\">www.bregenzerfestspiele.com<\/a> sowie Telefon 0043 5574 4076.<\/p>\n<div class=\"twoclick_social_bookmarks_post_19839 social_share_privacy clearfix 1.6.4 locale-de_DE sprite-de_DE\"><\/div><div class=\"twoclick-js\"><script type=\"text\/javascript\">\/* <![CDATA[ *\/\njQuery(document).ready(function($){if($('.twoclick_social_bookmarks_post_19839')){$('.twoclick_social_bookmarks_post_19839').socialSharePrivacy({\"services\":{\"twitter\":{\"reply_to\":\"\",\"tweet_text\":\"%20B%C3%BChnenpreis%20Opus%20f%C3%BCr%20%E2%80%9ERigoletto%E2%80%9C%20%C2%BB%20See-Infos.de%20%23Open%20Air%20...\",\"status\":\"on\",\"txt_info\":\"2 Klicks f\\u00fcr mehr Datenschutz: Erst wenn Sie hier klicken, wird der Button aktiv und Sie k\\u00f6nnen Ihre Empfehlung an Twitter senden. Schon beim Aktivieren werden Daten an Dritte \\u00fcbertragen - siehe <em>i<\\\/em>.\",\"perma_option\":\"off\",\"language\":\"de\",\"referrer_track\":\"\"},\"gplus\":{\"status\":\"on\",\"txt_info\":\"2 Klicks f\\u00fcr mehr Datenschutz: Erst wenn Sie hier klicken, wird der Button aktiv und Sie k\\u00f6nnen Ihre Empfehlung an Google+ senden. Schon beim Aktivieren werden Daten an Dritte \\u00fcbertragen - siehe <em>i<\\\/em>.\",\"perma_option\":\"off\",\"referrer_track\":\"\"},\"xing\":{\"status\":\"on\",\"txt_info\":\"2 Klicks f\\u00fcr mehr Datenschutz: Erst wenn Sie hier klicken, wird der Button aktiv und Sie k\\u00f6nnen Ihre Empfehlung an Xing senden. Schon beim Aktivieren werden Daten an Dritte \\u00fcbertragen - siehe <em>i<\\\/em>.\",\"perma_option\":\"off\",\"language\":\"de\",\"referrer_track\":\"\"},\"pinterest\":{\"status\":\"on\",\"the_excerpt\":\"B\\u00fchnenpreis Opus f\\u00fcr \\u201eRigoletto\\u201c\",\"txt_info\":\"2 Klicks f\\u00fcr mehr Datenschutz: Erst wenn Sie hier klicken, wird der Button aktiv und Sie k\\u00f6nnen Ihre Empfehlung an Pinterest senden. Schon beim Aktivieren werden Daten an Dritte \\u00fcbertragen - siehe <em>i<\\\/em>.\",\"perma_option\":\"off\",\"media\":\"http:\\\/\\\/see-infos.de\\\/wp-content\\\/uploads\\\/2019\\\/07\\\/Rigoletto-1d-001.jpg\"},\"linkedin\":{\"status\":\"on\",\"txt_info\":\"2 Klicks f\\u00fcr mehr Datenschutz: Erst wenn Sie hier klicken, wird der Button aktiv und Sie k\\u00f6nnen Ihre Empfehlung an LinkedIn senden. Schon beim Aktivieren werden Daten an Dritte \\u00fcbertragen - siehe <em>i<\\\/em>.\",\"perma_option\":\"off\"}},\"txt_help\":\"Wenn Sie diese Felder durch einen Klick aktivieren, werden Informationen an Facebook, Twitter, Flattr, Xing, t3n, LinkedIn, Pinterest oder Google eventuell ins Ausland \\u00fcbertragen und unter Umst\\u00e4nden auch dort gespeichert. N\\u00e4heres erfahren Sie durch einen Klick auf das <em>i<\\\/em>.\",\"settings_perma\":\"Dauerhaft aktivieren und Daten\\u00fcber-tragung zustimmen:\",\"info_link\":\"http:\\\/\\\/www.heise.de\\\/ct\\\/artikel\\\/2-Klicks-fuer-mehr-Datenschutz-1333879.html\",\"uri\":\"http:\\\/\\\/see-infos.de\\\/?p=19839\",\"post_id\":19839,\"post_title_referrer_track\":\"B%C3%BChnenpreis+Opus+f%C3%BCr+%E2%80%9ERigoletto%E2%80%9C\",\"display_infobox\":\"on\"});}});\n\/* ]]> *\/<\/script><\/div>","protected":false},"excerpt":{"rendered":"<p>#bregenzerfestspiele #Opus \u201eGrenzen des Machbaren neu definiert\u201c B\u00fchnenpreis Opus f\u00fcr \u201eRigoletto\u201c Frankfurt (Main)\/Bregenz &#8211; F\u00fcr die im Sommer 2019 erstmals auf der Seeb\u00fchne gezeigte Oper Rigoletto erhalten die Bregenzer Festspiele die Auszeichnung \u201eOpus &#8211; Deutscher B\u00fchnenpreis\u201c. Die Verleihung erfolgt im April anl\u00e4sslich der Fachmesse \u201eProlight + Sound\u201c in Frankfurt (Main). Nach Angaben der Messe Frankfurt [&hellip;]<\/p>\n","protected":false},"author":1,"featured_media":18355,"comment_status":"closed","ping_status":"closed","sticky":false,"template":"","format":"standard","meta":[],"categories":[1,7],"tags":[60,43],"_links":{"self":[{"href":"http:\/\/see-infos.de\/index.php?rest_route=\/wp\/v2\/posts\/19839"}],"collection":[{"href":"http:\/\/see-infos.de\/index.php?rest_route=\/wp\/v2\/posts"}],"about":[{"href":"http:\/\/see-infos.de\/index.php?rest_route=\/wp\/v2\/types\/post"}],"author":[{"embeddable":true,"href":"http:\/\/see-infos.de\/index.php?rest_route=\/wp\/v2\/users\/1"}],"replies":[{"embeddable":true,"href":"http:\/\/see-infos.de\/index.php?rest_route=%2Fwp%2Fv2%2Fcomments&post=19839"}],"version-history":[{"count":0,"href":"http:\/\/see-infos.de\/index.php?rest_route=\/wp\/v2\/posts\/19839\/revisions"}],"wp:featuredmedia":[{"embeddable":true,"href":"http:\/\/see-infos.de\/index.php?rest_route=\/wp\/v2\/media\/18355"}],"wp:attachment":[{"href":"http:\/\/see-infos.de\/index.php?rest_route=%2Fwp%2Fv2%2Fmedia&parent=19839"}],"wp:term":[{"taxonomy":"category","embeddable":true,"href":"http:\/\/see-infos.de\/index.php?rest_route=%2Fwp%2Fv2%2Fcategories&post=19839"},{"taxonomy":"post_tag","embeddable":true,"href":"http:\/\/see-infos.de\/index.php?rest_route=%2Fwp%2Fv2%2Ftags&post=19839"}],"curies":[{"name":"wp","href":"https:\/\/api.w.org\/{rel}","templated":true}]}}