{"id":18361,"date":"2019-12-19T17:08:54","date_gmt":"2019-12-19T16:08:54","guid":{"rendered":"http:\/\/www.see-infos.de\/?p=18361"},"modified":"2022-08-10T14:26:41","modified_gmt":"2022-08-10T12:26:41","slug":"don-quichotte-modernisiert","status":"publish","type":"post","link":"http:\/\/see-infos.de\/?p=18361","title":{"rendered":"Don Quichotte modernisiert"},"content":{"rendered":"<p>#bregenzerfestspiele #donquichotte #julesmassenet <\/p>\n<h3>Don Quichotte<br \/>\nJules Massenet<\/h3>\n<p>Com\u00e9die h\u00e9ro\u00efque in f\u00fcnf Akten (1910)<br \/>\nLibretto von Henri Cain nach Jacques Le Lorrains Le Chevalier de la longue figure (1904)<br \/>\nin franz\u00f6sischer Sprache mit deutschen \u00dcbertiteln<\/p>\n<p>Premiere<br \/>\n18. Juli 2019 &#8211; 19.30 Uhr, Festspielhaus<\/p>\n<blockquote><p><strong>Don Q. modernisiert<\/strong><br \/>\nIn der modernen Inszenierung schickt uns Mariame Cl\u00e9ment im ersten Akt in das urspr\u00fcnglich angedachte Zeitalter der Oper zur\u00fcck. Don Quichotte auf dem Pferd und Sancho Pansa auf dem Esel. Bereits im zweiten Akt wird des modern: Der bekannte Kampf gegen die Windm\u00fchlen findet in einem Badezimmer statt, Ventilatoren ersetzen Windm\u00fchlen. Die Jagd nach den R\u00e4ubern im dritten Akt findet in einer Unterf\u00fchrung statt, die R\u00e4uber sind eine Streetgang und Don Q. ist in ein Spiderman Kost\u00fcm gewandet. Der vierte Akt findet in einem B\u00fcro statt. Sch\u00f6ne Umsetzung und gar nicht so weit hergeholt. G\u00e1bor Bretz, David Stout und Anna Goryachova brillieren.<br \/>\nCL Zobavnik, See-Infos.de <\/p><\/blockquote>\n<div id=\"attachment_18362\" style=\"width: 610px\" class=\"wp-caption alignleft\"><img aria-describedby=\"caption-attachment-18362\" loading=\"lazy\" src=\"http:\/\/www.schechler.com\/see-infos\/wp-content\/uploads\/2019\/07\/IMG_20190718_230646.jpg\" alt=\"\" width=\"600\" height=\"464\" class=\"size-full wp-image-18362\" srcset=\"http:\/\/see-infos.de\/wp-content\/uploads\/2019\/07\/IMG_20190718_230646.jpg 600w, http:\/\/see-infos.de\/wp-content\/uploads\/2019\/07\/IMG_20190718_230646-300x232.jpg 300w\" sizes=\"(max-width: 600px) 100vw, 600px\" \/><p id=\"caption-attachment-18362\" class=\"wp-caption-text\">Don Quichotte bei der Premiere Bregenzer Festspiele , 18.Juli 2019. Ganz rechts G\u00e1bor Bretz als Don Quichotte und links daneben David Stout als Sancho Pansa.<\/p><\/div>\n<p>Vorstellungen &#038; Karten<br \/>\nSo, 21. Juli 2019 11:00 Uhr Festspielhaus<br \/>\nMo, 29. Juli 2019 19:30 Uhr Festspielhaus<\/p>\n<p><strong>Der \u00bbRitter von der traurigen Gestalt\u00ab geh\u00f6rt seit Jahrhunderten zu den faszinierendsten Figuren der Weltliteratur. Seine Gro\u00dfz\u00fcgigkeit, seine Moral, aber auch seine Phantasie, beeindruckt und inspiriert K\u00fcnstlerinnen und K\u00fcnstler unterschiedlicher Pr\u00e4gung. Don Quijotes Kampf gegen die Windm\u00fchlen, in denen er furchtbare Riesen sieht, wurde zum Symbol seiner Identit\u00e4t.<\/strong><\/p>\n<p>Auf der Opernb\u00fchne machte ihn der franz\u00f6sische Komponist Jules Massenet zum leidenschaftlich Liebenden. Er singt Dulcin\u00e9e ein wundersch\u00f6nes St\u00e4ndchen und bringt ihren gestohlenen Schmuck aus den H\u00e4nden gef\u00e4hrlicher R\u00e4uber zur\u00fcck, dennoch lehnt sie seinen Heiratsantrag ab. In Massenets Oper nach Jacques Le Lorrains Schauspiel wird Don Quichottes Angebetete zur realen B\u00fchnengestalt, anders als in Miguel de Cervantes\u2018 Vorlage. Massenet war von dieser Idee begeistert: \u00bbSie trug das Element weiblicher Sch\u00f6nheit in unser St\u00fcck, und unser Don Quichotte erhielt damit zugleich einen m\u00e4chtigen poetischen Anreiz, starb er doch in diesem Falle aus echter Liebe zur Sch\u00f6nen Dulcinea, die eine solche Leidenschaft in hohem Ma\u00dfe rechtfertigte.\u00ab Die Liebe des Ritters wird in der Oper zum entscheidenden Motor seiner Handlungen. F\u00fcr sie begibt er sich in Lebensgefahr, versprach Dulcin\u00e9e ihm doch ihre Liebe, wenn er den R\u00e4ubern ihren Schmuck entwende. Als diese ihn umbringen wollen, r\u00fchrt er sie mit seinem Abschiedsgebet so sehr, dass sie ihm das Leben und den Schmuck schenken.<\/p>\n<p>Dem Wechselspiel von Fantasie und Wirklichkeit sp\u00fcrt Massenet in seiner Musik nach. Gekonnt verleiht der Komponist den unterschiedlichen dramatischen Situationen ihren eigenen musikalischen Stil. Mit Kastagnetten und pr\u00e4gnanten Rhythmen illustriert er das spanische Dorfleben. Dulcin\u00e9es Verehrer besingen ihre Sch\u00f6nheit in madrigalartigem Ton, schillernde Farben im Orchester begleiten Don Quichottes Liebeserkl\u00e4rung.<\/p>\n<p>Die aus Paris stammende Regisseurin Mariame Cl\u00e9ment hat in den vergangenen Jahren mit Inszenierungen unter anderen im Theater an der Wien, an der Op\u00e9ra national du Rhin Strasbourg, Oper Graz, Op\u00e9ra national de Paris, Royal Opera House Covent Garden und beim Glyndebourne Festival auf sich aufmerksam gemacht.<\/p>\n<p>Musikalische Leitung Daniel Cohen<br \/>\nInszenierung Mariame Cl\u00e9ment<br \/>\nB\u00fchne |\u200b\u200b Kost\u00fcme Julia Hansen<br \/>\nLicht Ulrik Gad<br \/>\nChorleitung Luk\u00e1\u0161 Vasilek<br \/>\nKampfchoreographie Ran Arthur Braun<br \/>\nDramaturgie Olaf A. Schmitt<\/p>\n<p>Prager Philharmonischer Chor<br \/>\nWiener Symphoniker<\/p>\n<div class=\"twoclick_social_bookmarks_post_18361 social_share_privacy clearfix 1.6.4 locale-de_DE sprite-de_DE\"><\/div><div class=\"twoclick-js\"><script type=\"text\/javascript\">\/* <![CDATA[ *\/\njQuery(document).ready(function($){if($('.twoclick_social_bookmarks_post_18361')){$('.twoclick_social_bookmarks_post_18361').socialSharePrivacy({\"services\":{\"twitter\":{\"reply_to\":\"\",\"tweet_text\":\"Don%20Quichotte%20modernisiert%20%C2%BB%20See-Infos.de%20%23Vorarlberg\",\"status\":\"on\",\"txt_info\":\"2 Klicks f\\u00fcr mehr Datenschutz: Erst wenn Sie hier klicken, wird der Button aktiv und Sie k\\u00f6nnen Ihre Empfehlung an Twitter senden. Schon beim Aktivieren werden Daten an Dritte \\u00fcbertragen - siehe <em>i<\\\/em>.\",\"perma_option\":\"off\",\"language\":\"de\",\"referrer_track\":\"\"},\"gplus\":{\"status\":\"on\",\"txt_info\":\"2 Klicks f\\u00fcr mehr Datenschutz: Erst wenn Sie hier klicken, wird der Button aktiv und Sie k\\u00f6nnen Ihre Empfehlung an Google+ senden. Schon beim Aktivieren werden Daten an Dritte \\u00fcbertragen - siehe <em>i<\\\/em>.\",\"perma_option\":\"off\",\"referrer_track\":\"\"},\"xing\":{\"status\":\"on\",\"txt_info\":\"2 Klicks f\\u00fcr mehr Datenschutz: Erst wenn Sie hier klicken, wird der Button aktiv und Sie k\\u00f6nnen Ihre Empfehlung an Xing senden. Schon beim Aktivieren werden Daten an Dritte \\u00fcbertragen - siehe <em>i<\\\/em>.\",\"perma_option\":\"off\",\"language\":\"de\",\"referrer_track\":\"\"},\"pinterest\":{\"status\":\"on\",\"the_excerpt\":\"Don Quichotte modernisiert\",\"txt_info\":\"2 Klicks f\\u00fcr mehr Datenschutz: Erst wenn Sie hier klicken, wird der Button aktiv und Sie k\\u00f6nnen Ihre Empfehlung an Pinterest senden. Schon beim Aktivieren werden Daten an Dritte \\u00fcbertragen - siehe <em>i<\\\/em>.\",\"perma_option\":\"off\",\"media\":\"http:\\\/\\\/see-infos.de\\\/wp-content\\\/uploads\\\/2019\\\/07\\\/IMG_20190718_230646.jpg\"},\"linkedin\":{\"status\":\"on\",\"txt_info\":\"2 Klicks f\\u00fcr mehr Datenschutz: Erst wenn Sie hier klicken, wird der Button aktiv und Sie k\\u00f6nnen Ihre Empfehlung an LinkedIn senden. Schon beim Aktivieren werden Daten an Dritte \\u00fcbertragen - siehe <em>i<\\\/em>.\",\"perma_option\":\"off\"}},\"txt_help\":\"Wenn Sie diese Felder durch einen Klick aktivieren, werden Informationen an Facebook, Twitter, Flattr, Xing, t3n, LinkedIn, Pinterest oder Google eventuell ins Ausland \\u00fcbertragen und unter Umst\\u00e4nden auch dort gespeichert. N\\u00e4heres erfahren Sie durch einen Klick auf das <em>i<\\\/em>.\",\"settings_perma\":\"Dauerhaft aktivieren und Daten\\u00fcber-tragung zustimmen:\",\"info_link\":\"http:\\\/\\\/www.heise.de\\\/ct\\\/artikel\\\/2-Klicks-fuer-mehr-Datenschutz-1333879.html\",\"uri\":\"http:\\\/\\\/see-infos.de\\\/?p=18361\",\"post_id\":18361,\"post_title_referrer_track\":\"Don+Quichotte+modernisiert\",\"display_infobox\":\"on\"});}});\n\/* ]]> *\/<\/script><\/div>","protected":false},"excerpt":{"rendered":"<p>#bregenzerfestspiele #donquichotte #julesmassenet Don Quichotte Jules Massenet Com\u00e9die h\u00e9ro\u00efque in f\u00fcnf Akten (1910) Libretto von Henri Cain nach Jacques Le Lorrains Le Chevalier de la longue figure (1904) in franz\u00f6sischer Sprache mit deutschen \u00dcbertiteln Premiere 18. Juli 2019 &#8211; 19.30 Uhr, Festspielhaus Don Q. modernisiert In der modernen Inszenierung schickt uns Mariame Cl\u00e9ment im ersten [&hellip;]<\/p>\n","protected":false},"author":1,"featured_media":18362,"comment_status":"closed","ping_status":"closed","sticky":false,"template":"","format":"standard","meta":[],"categories":[1,7],"tags":[43],"_links":{"self":[{"href":"http:\/\/see-infos.de\/index.php?rest_route=\/wp\/v2\/posts\/18361"}],"collection":[{"href":"http:\/\/see-infos.de\/index.php?rest_route=\/wp\/v2\/posts"}],"about":[{"href":"http:\/\/see-infos.de\/index.php?rest_route=\/wp\/v2\/types\/post"}],"author":[{"embeddable":true,"href":"http:\/\/see-infos.de\/index.php?rest_route=\/wp\/v2\/users\/1"}],"replies":[{"embeddable":true,"href":"http:\/\/see-infos.de\/index.php?rest_route=%2Fwp%2Fv2%2Fcomments&post=18361"}],"version-history":[{"count":0,"href":"http:\/\/see-infos.de\/index.php?rest_route=\/wp\/v2\/posts\/18361\/revisions"}],"wp:featuredmedia":[{"embeddable":true,"href":"http:\/\/see-infos.de\/index.php?rest_route=\/wp\/v2\/media\/18362"}],"wp:attachment":[{"href":"http:\/\/see-infos.de\/index.php?rest_route=%2Fwp%2Fv2%2Fmedia&parent=18361"}],"wp:term":[{"taxonomy":"category","embeddable":true,"href":"http:\/\/see-infos.de\/index.php?rest_route=%2Fwp%2Fv2%2Fcategories&post=18361"},{"taxonomy":"post_tag","embeddable":true,"href":"http:\/\/see-infos.de\/index.php?rest_route=%2Fwp%2Fv2%2Ftags&post=18361"}],"curies":[{"name":"wp","href":"https:\/\/api.w.org\/{rel}","templated":true}]}}