{"id":17705,"date":"2019-12-22T18:49:54","date_gmt":"2019-12-22T17:49:54","guid":{"rendered":"http:\/\/www.see-infos.de\/?p=17705"},"modified":"2022-08-10T11:47:06","modified_gmt":"2022-08-10T09:47:06","slug":"hightlights-in-der-jetzt-gestarteten-zeppelin-flugsaison-2019","status":"publish","type":"post","link":"http:\/\/see-infos.de\/?p=17705","title":{"rendered":"Die Wei\u00dfen Riesen fliegen wieder: Highlights in der jetzt gestarteten Zeppelin Flugsaison 2019"},"content":{"rendered":"<p>#Zeppelin #zeppelinflug<\/p>\n<h3>Highlights in der jetzt gestarteten Zeppelin Flugsaison 2019<\/h3>\n<p><strong>In diesem Jahr startete die Deutsche Zeppelin-Reederei am 21. M\u00e4rz in die neue Flugsaison \u2013 wieder mit einem besonderen Fr\u00fchlings-Special: Der 30-min\u00fctige Rundflug \u00fcber Friedrichshafen ist mit dem Nebensaison-Ticket \u201eFr\u00fchling\u201c um 50,- \u20ac g\u00fcnstiger als in der Hauptsaison.<\/strong> <\/p>\n<p><strong>EUROPA-PARK-ZEPPELIN MIT NEUER H\u00dcLLEN-GESTALTUNG<\/strong><br \/>\nZum Saisonstart 2019 pr\u00e4sentiert sich der Europa-Park-Zeppelin mit neu gestaltetem Branding: Neben Ed Euromaus und Edda Euromausi gr\u00fc\u00dft nun auch das Maskottchen der neuen Wasserwelt Rulantica die Bodensee-Region: Snorri, die kleine Krake. Rulantica umfasst eine insgesamt 45 Hektar gro\u00dfe Erweiterungsfl\u00e4che im S\u00fcdosten der Gemeinde Rust, auf der zahlreiche Indoor- und Outdoor-Aktivit\u00e4ten rund um das Thema Wasser entstehen. Die Er\u00f6ffnung der neuen Wasserwelt ist Ende 2019 vorgesehen.<\/p>\n<p>Zum Saisonauftakt ging Redakteur MK Schechler in die Luft und hat einige Fotos mitgebracht. <strong>Zur Foto-Galerie: <a href=\"http:\/\/www.schechler.com\/mk\/2019\/03\/22\/zeppelinflug\/\" rel=\"noopener noreferrer\" target=\"_blank\">Hier klicken!<\/a><\/strong><\/p>\n<div id=\"attachment_17706\" style=\"width: 610px\" class=\"wp-caption alignleft\"><img aria-describedby=\"caption-attachment-17706\" loading=\"lazy\" src=\"http:\/\/www.schechler.com\/see-infos\/wp-content\/uploads\/2019\/03\/DS702265.jpg\" alt=\"\" width=\"600\" height=\"400\" class=\"size-full wp-image-17706\" srcset=\"http:\/\/see-infos.de\/wp-content\/uploads\/2019\/03\/DS702265.jpg 600w, http:\/\/see-infos.de\/wp-content\/uploads\/2019\/03\/DS702265-300x200.jpg 300w\" sizes=\"(max-width: 600px) 100vw, 600px\" \/><p id=\"caption-attachment-17706\" class=\"wp-caption-text\">Der neu gestaltete EUROPA PARK Zeppelin mit Wasserwelt-Maskottchen &#8222;Snorri&#8220;, gehalten vom Mastfahrzeug vor dem Zeppelin Hangar<\/p><\/div>\n<p><strong>ZEPPELIN TAKE-OFF-PARTY AM 29. M\u00c4RZ 2019<\/strong><br \/>\nDer erste Zeppelin NT startete diese Woche zu seinem ersten Passagierflug in der neuen Saison und am 29. M\u00e4rz nimmt auch der zweite Zeppelin NT seinen Flugdienst auf. Somit ist die Zeppelin-Flotte am Bodensee dann wieder vollz\u00e4hlig und das soll geb\u00fchrend gefeiert werden: Im Restaurant Zeppelin-Hangar FN und mit der begeisternden Live-Musik der Zeppelin-Band. Die Besetzung der 8-k\u00f6pfigen Band setzt sich zusammen aus dem Personal der gleichnamigen Firma Zeppelin GmbH mit Sitz in Garching bei M\u00fcnchen. Die Bandmitglieder kommen aus s\u00e4mtlichen Unternehmensbereichen: Stephan B\u00e4umler (Gitarre &#038; Gesang), Manfred Schmaderer (Gitarre &#038; Gesang), Katja Schmidt (Gesang), Staale Hansen (Schlagzeug), Hans-Georg Seybold (Keyboard), Konrad Werkmann (Saxophon), Peter Kirch sowie als Special Guest der CEO der Zeppelin GmbH, Peter Gerstmann (Gitarre &#038; Gesang). F\u00fcr ihre eigeninterpretierten Songs bedient sich die Band \u00fcberwiegend aus den rockigen Bereichen der Musikgeschichte, wie beispielsweise bei Creedence Clearwater Revival, R.E.M., Johnny Cash und den Rolling Stones.<\/p>\n<p>Die Zeppelin Take-Off-Party steigt am Freitag, 29. M\u00e4rz 2019 im Restaurant Zeppelin-Hangar FN in der Messestra\u00dfe 134, 88046 Friedrichshafen. Einlass ist ab 19:00 Uhr, Start des Konzerts um 20:00 Uhr. Tickets kosten 10 \u20ac. Der Reinerl\u00f6s aus den Ticketeinnahmen und einer Tombola sowie die komplette Gage der Band kommt der Kinder-Hilfsorganisation \u201cHome from Home Germany e.V.\u201d zugute. Es gibt nur noch wenige Tickets im freien Verkauf. Veranstalter ist die Deutsche Zeppelin-Reederei in Kooperation mit der F\u00f6hr Event-Catering &#038; Service GmbH. Alle Infos zu diesem Konzert gibt es auch auf der Website der Deutschen Zeppelin-Reederei unter <a href=\"http:\/\/www.zeppelinflug.de\" rel=\"noopener noreferrer\" target=\"_blank\">www.zeppelinflug.de<\/a><\/p>\n<div id=\"attachment_17708\" style=\"width: 610px\" class=\"wp-caption alignleft\"><img aria-describedby=\"caption-attachment-17708\" loading=\"lazy\" src=\"http:\/\/www.schechler.com\/see-infos\/wp-content\/uploads\/2019\/03\/DS702115.jpg\" alt=\"\" width=\"600\" height=\"400\" class=\"size-full wp-image-17708\" srcset=\"http:\/\/see-infos.de\/wp-content\/uploads\/2019\/03\/DS702115.jpg 600w, http:\/\/see-infos.de\/wp-content\/uploads\/2019\/03\/DS702115-300x200.jpg 300w\" sizes=\"(max-width: 600px) 100vw, 600px\" \/><p id=\"caption-attachment-17708\" class=\"wp-caption-text\">Eckhard Breuer, Gesch\u00e4ftsf\u00fchrer der Deutsche Zeppelin-Reederei GmbH (re.) und Andrea Fischer, Leiterin Marketing\/PR &#038; Vertrieb (li.) informieren \u00fcber die Highlights der Saison<\/p><\/div>\n<p><strong>ZEPPELIN-FALLSCHIRMSPR\u00dcNGE<\/strong><br \/>\nZeppelin-Fallschirmspr\u00fcnge wurden erstmals im Herbst 2016 angeboten. Diese Sonderfl\u00fcge erfreuen sich nach wie vor enormer Beliebtheit unter erfahrenen Skydivern, die immer auf der Suche nach dem n\u00e4chsten Adrenalin-Kick sind. Viele der damaligen Teilnehmer haben inzwischen schon mehrere Spr\u00fcnge aus dem Zeppelin in ihrem Sprungbuch stehen. Nat\u00fcrlich finden sich auch 2019 wieder Fallschirmsprung-Fl\u00fcge im Programm des Zeppelin NT: am 29. Juni und 28. September 2019. Die Anmeldung zu diesen Zeppelin-Fallschirmspr\u00fcngen ist \u00fcber die Website der Deutschen Zeppelin-Reederei (zeppelinflug.de) m\u00f6glich.<\/p>\n<p><strong>FEUERWERKSFL\u00dcGE<\/strong><br \/>\nAuch die Zeppelin-Feuerwerksfl\u00fcge erfreuen sich seit Jahren gro\u00dfer Beliebtheit und werden in 2019 ebenfalls wieder stattfinden. Die Fl\u00fcge zum Seehasenfest-Feuerwerk am 13. Juli sind ab sofort buchbar \u2013 sowohl online auf zeppelinflug.de als auch telefonisch unter 07541 5900-0.<\/p>\n<p><strong>BAU EINES ZEPPELIN NT IN FRIEDRICHSHAFEN<\/strong><br \/>\nIm Sommer vergangenen Jahres wurde damit begonnen, den Zeppelin NT mit der Werknummer 004 wiederaufzubauen. Dieses Luftschiff stand unter dem Namen \u201eEureka\u201c bis Ende 2012 bei Airship Ventures im kalifornischen Moffet Field in Dienst. Nachdem das Unternehmen im November 2012 seinen Gesch\u00e4ftsbetrieb eingestellt hatte, wurde das Luftschiff zerlegt, in Containern konserviert und zur\u00fcck nach Friedrichshafen in den Zeppelin-Hangar gebracht. Nun wird es wiederaufgebaut und soll ab Fr\u00fchjahr 2020 den Zeppelin NT \u201eBaden-W\u00fcrttemberg\u201c mit der Werknummer 003 ersetzen, der seit Februar 2003 im Einsatz ist. Das Luftschiff \u201eBaden-W\u00fcrttemberg\u201c ist trotz seiner 16 Jahre immer noch absolut sicher. Aus unternehmerischer Sicht sprechen jedoch einige wirtschaftliche Aspekte eindeutig daf\u00fcr, es in der n\u00e4chsten Flugsaison zu ersetzen.<\/p>\n<p><div id=\"attachment_17707\" style=\"width: 410px\" class=\"wp-caption alignleft\"><img aria-describedby=\"caption-attachment-17707\" loading=\"lazy\" src=\"http:\/\/www.schechler.com\/see-infos\/wp-content\/uploads\/2019\/03\/DS702145.jpg\" alt=\"\" width=\"400\" height=\"600\" class=\"size-full wp-image-17707\" srcset=\"http:\/\/see-infos.de\/wp-content\/uploads\/2019\/03\/DS702145.jpg 400w, http:\/\/see-infos.de\/wp-content\/uploads\/2019\/03\/DS702145-200x300.jpg 200w\" sizes=\"(max-width: 400px) 100vw, 400px\" \/><p id=\"caption-attachment-17707\" class=\"wp-caption-text\">Unter der Decke im Zeppelin Hangar  h\u00e4ngend nur in Umrissen erkennbar: Im Sommer vergangenen Jahres wurde damit begonnen, den Zeppelin NT mit der Werknummer 004 wiederaufzubauen.<\/p><\/div><br \/>\nDie bis 2012 gebauten Zeppelin NT waren Luftschiffe vom Typ LZ N07-100. Goodyear erhielt die ersten Zeppeline der neuen Version LZ N07-101, die mit einem komplett neu entwickelten Avionik-System ausgestattet sind. Auch die Kontur der Gondel wurde vergr\u00f6\u00dfert, wodurch nun zwei Sitzpl\u00e4tze mehr zur Verf\u00fcgung stehen. Bei seinem Wiederaufbau wird das Luftschiff \u201eEureka\u201c auf den neuesten Stand der Technik gebracht. Das hei\u00dft, es wird auf Typ LZ N07-101 modifiziert und erh\u00e4lt unter anderem ein komplett neues Avionik-System sowie eine Passagiergondel f\u00fcr bis zu 15 Sitzpl\u00e4tze.<\/p>\n<p>Alle drei seit 2012 f\u00fcr Goodyear gebauten Zeppelin NT wurden im Goodyear Luftschiffhangar am Wingfoot Lake in Ohio endmontiert. Nun gibt es seit vergangenem Sommer wieder die M\u00f6glichkeit, hier in Friedrichshafen den Bau und die einzigartige Technologie des modernsten Passagier-Luftschiffs der Welt hautnah zu erleben \u2013 zum Beispiel bei einer gef\u00fchrten Werftbesichtigung im Zeppelin-Hangar. Alle Informationen dazu gibt es auf zeppelinflug.de<\/p>\n<p><strong>WIEDER IM PROGRAMM: DIE ROUTE \u201eRHEINFALL-SCHAFFHAUSEN\u201c<\/strong><br \/>\nAufgrund der gro\u00dfen Nachfrage haben wir in dieser Saison den beliebten Flug zum Rheinfall bei Schaffhausen wieder in unser Programm aufgenommen. Diese 2-st\u00fcndige Flugroute hat jede Menge Highlights zu bieten: Als erster Flug des Tages geht es von Friedrichshafen aus \u00fcber Konstanz nach Stein am Rhein und weiter zum imposanten Rheinfall bei Schaffhausen. Hier fallen 600.000 Liter Wasser pro Sekunde 23 Meter in die Tiefe. Ein \u00fcberw\u00e4ltigender Anblick. Der Flug geht weiter in Richtung Singen mit Blick in den Hegau mit seinen charakteristischen Kegelbergen vulkanischen Ursprungs. Entlang des nordwestlichen Bodenseeufers folgt Sipplingen, \u00dcberlingen und das Pfahlbauten-Museum mit 23 original eingerichteten Rekonstruktionen von Pfahlbau-H\u00e4usern aus der Stein- und Bronzezeit. Dann geht es weiter zur farbenfrohen Blumeninsel Mainau und \u00fcber Meersburg, Immenstaad und Hagnau zur\u00fcck nach Friedrichshafen. Ein kleines Sahneh\u00e4ubchen ist sicherlich auch der kostenlose Fr\u00fchst\u00fccksservice, der den Passagieren an Bord geboten wird.<\/p>\n<p><strong>ZEPPELIN360.COM<\/strong><br \/>\nF\u00fcr alle, die sich immer schon mal in der Zeppelin-Welt umsehen wollten, bisher jedoch noch nicht die Gelegenheit dazu hatten, gibt es jetzt die M\u00f6glichkeit eines virtuellen Rundgangs. Die neuen 360\u00b0-Panoramen des Fotografen Achim Mende erm\u00f6glichen faszinierende An- und Aussichten: Wie sieht es auf dem Flugfeld aus, wenn sich die Luftschiffe f\u00fcr den Start bereitmachen, die Passagiere einsteigen und die Zeppeline starten? Welchen Ausblick hat man aus dem Luftschiff? Wie sieht es im Inneren der Passagier-Gondel aus und was ist das Besondere an den Panoramafenstern? Stimmt es wirklich, dass man dem Piloten \u00fcber die Schulter schauen kann? Und ist der Zeppelin-Hangar tats\u00e4chlich so beeindruckend gro\u00df, wie alle sagen? Die Antworten dazu gibt es jetzt auf <a href=\"http:\/\/www.zeppelin360.com\" rel=\"noopener noreferrer\" target=\"_blank\">www.zeppelin360.com<\/a> \u2013 und nat\u00fcrlich live und direkt am Zeppelin-Hangar in Friedrichshafen, denn vor Ort wirkt alles noch intensiver und beeindruckender. \u00dcbrigens: Im Laufe des Jahres wird der aktuelle Panorama-Rundgang um neue Perspektiven erweitert. Vorbeischauen lohnt sich!<\/p>\n<div class=\"twoclick_social_bookmarks_post_17705 social_share_privacy clearfix 1.6.4 locale-de_DE sprite-de_DE\"><\/div><div class=\"twoclick-js\"><script type=\"text\/javascript\">\/* <![CDATA[ *\/\njQuery(document).ready(function($){if($('.twoclick_social_bookmarks_post_17705')){$('.twoclick_social_bookmarks_post_17705').socialSharePrivacy({\"services\":{\"twitter\":{\"reply_to\":\"\",\"tweet_text\":\"%20Die%20Wei%C3%9Fen%20Riesen%20fliegen%20wieder%3A%20Highlights%20in%20der%20jetzt%20gestarteten%20Zeppelin%20...\",\"status\":\"on\",\"txt_info\":\"2 Klicks f\\u00fcr mehr Datenschutz: Erst wenn Sie hier klicken, wird der Button aktiv und Sie k\\u00f6nnen Ihre Empfehlung an Twitter senden. Schon beim Aktivieren werden Daten an Dritte \\u00fcbertragen - siehe <em>i<\\\/em>.\",\"perma_option\":\"off\",\"language\":\"de\",\"referrer_track\":\"\"},\"gplus\":{\"status\":\"on\",\"txt_info\":\"2 Klicks f\\u00fcr mehr Datenschutz: Erst wenn Sie hier klicken, wird der Button aktiv und Sie k\\u00f6nnen Ihre Empfehlung an Google+ senden. Schon beim Aktivieren werden Daten an Dritte \\u00fcbertragen - siehe <em>i<\\\/em>.\",\"perma_option\":\"off\",\"referrer_track\":\"\"},\"xing\":{\"status\":\"on\",\"txt_info\":\"2 Klicks f\\u00fcr mehr Datenschutz: Erst wenn Sie hier klicken, wird der Button aktiv und Sie k\\u00f6nnen Ihre Empfehlung an Xing senden. Schon beim Aktivieren werden Daten an Dritte \\u00fcbertragen - siehe <em>i<\\\/em>.\",\"perma_option\":\"off\",\"language\":\"de\",\"referrer_track\":\"\"},\"pinterest\":{\"status\":\"on\",\"the_excerpt\":\"Die Wei\\u00dfen Riesen fliegen wieder: Highlights in der jetzt gestarteten Zeppelin Flugsaison 2019\",\"txt_info\":\"2 Klicks f\\u00fcr mehr Datenschutz: Erst wenn Sie hier klicken, wird der Button aktiv und Sie k\\u00f6nnen Ihre Empfehlung an Pinterest senden. Schon beim Aktivieren werden Daten an Dritte \\u00fcbertragen - siehe <em>i<\\\/em>.\",\"perma_option\":\"off\",\"media\":\"http:\\\/\\\/see-infos.de\\\/wp-content\\\/uploads\\\/2019\\\/03\\\/DS702265.jpg\"},\"linkedin\":{\"status\":\"on\",\"txt_info\":\"2 Klicks f\\u00fcr mehr Datenschutz: Erst wenn Sie hier klicken, wird der Button aktiv und Sie k\\u00f6nnen Ihre Empfehlung an LinkedIn senden. Schon beim Aktivieren werden Daten an Dritte \\u00fcbertragen - siehe <em>i<\\\/em>.\",\"perma_option\":\"off\"}},\"txt_help\":\"Wenn Sie diese Felder durch einen Klick aktivieren, werden Informationen an Facebook, Twitter, Flattr, Xing, t3n, LinkedIn, Pinterest oder Google eventuell ins Ausland \\u00fcbertragen und unter Umst\\u00e4nden auch dort gespeichert. N\\u00e4heres erfahren Sie durch einen Klick auf das <em>i<\\\/em>.\",\"settings_perma\":\"Dauerhaft aktivieren und Daten\\u00fcber-tragung zustimmen:\",\"info_link\":\"http:\\\/\\\/www.heise.de\\\/ct\\\/artikel\\\/2-Klicks-fuer-mehr-Datenschutz-1333879.html\",\"uri\":\"http:\\\/\\\/see-infos.de\\\/?p=17705\",\"post_id\":17705,\"post_title_referrer_track\":\"Die+Wei%C3%9Fen+Riesen+fliegen+wieder%3A+Highlights+in+der+jetzt+gestarteten+Zeppelin+Flugsaison+2019\",\"display_infobox\":\"on\"});}});\n\/* ]]> *\/<\/script><\/div>","protected":false},"excerpt":{"rendered":"<p>#Zeppelin #zeppelinflug Highlights in der jetzt gestarteten Zeppelin Flugsaison 2019 In diesem Jahr startete die Deutsche Zeppelin-Reederei am 21. M\u00e4rz in die neue Flugsaison \u2013 wieder mit einem besonderen Fr\u00fchlings-Special: Der 30-min\u00fctige Rundflug \u00fcber Friedrichshafen ist mit dem Nebensaison-Ticket \u201eFr\u00fchling\u201c um 50,- \u20ac g\u00fcnstiger als in der Hauptsaison. EUROPA-PARK-ZEPPELIN MIT NEUER H\u00dcLLEN-GESTALTUNG Zum Saisonstart 2019 [&hellip;]<\/p>\n","protected":false},"author":1,"featured_media":17706,"comment_status":"closed","ping_status":"closed","sticky":false,"template":"","format":"standard","meta":[],"categories":[1,7],"tags":[40,20],"_links":{"self":[{"href":"http:\/\/see-infos.de\/index.php?rest_route=\/wp\/v2\/posts\/17705"}],"collection":[{"href":"http:\/\/see-infos.de\/index.php?rest_route=\/wp\/v2\/posts"}],"about":[{"href":"http:\/\/see-infos.de\/index.php?rest_route=\/wp\/v2\/types\/post"}],"author":[{"embeddable":true,"href":"http:\/\/see-infos.de\/index.php?rest_route=\/wp\/v2\/users\/1"}],"replies":[{"embeddable":true,"href":"http:\/\/see-infos.de\/index.php?rest_route=%2Fwp%2Fv2%2Fcomments&post=17705"}],"version-history":[{"count":0,"href":"http:\/\/see-infos.de\/index.php?rest_route=\/wp\/v2\/posts\/17705\/revisions"}],"wp:featuredmedia":[{"embeddable":true,"href":"http:\/\/see-infos.de\/index.php?rest_route=\/wp\/v2\/media\/17706"}],"wp:attachment":[{"href":"http:\/\/see-infos.de\/index.php?rest_route=%2Fwp%2Fv2%2Fmedia&parent=17705"}],"wp:term":[{"taxonomy":"category","embeddable":true,"href":"http:\/\/see-infos.de\/index.php?rest_route=%2Fwp%2Fv2%2Fcategories&post=17705"},{"taxonomy":"post_tag","embeddable":true,"href":"http:\/\/see-infos.de\/index.php?rest_route=%2Fwp%2Fv2%2Ftags&post=17705"}],"curies":[{"name":"wp","href":"https:\/\/api.w.org\/{rel}","templated":true}]}}