{"id":16787,"date":"2018-12-16T08:08:24","date_gmt":"2018-12-16T07:08:24","guid":{"rendered":"http:\/\/www.see-infos.de\/?p=16787"},"modified":"2022-08-10T11:35:38","modified_gmt":"2022-08-10T09:35:38","slug":"kaiserliches-gartenfest-im-napoleonmuseum-arenenberg","status":"publish","type":"post","link":"http:\/\/see-infos.de\/?p=16787","title":{"rendered":"Kaiserliches Gartenfest im Napoleonmuseum Arenenberg"},"content":{"rendered":"<p>#thurgau #napoleonmuseumarenenberg <\/p>\n<h3>Kaiserliches Gartenfest im Napoleonmuseum Arenenberg<\/h3>\n<p><b>Kaiserwetter im Napoleonmuseum Arenenberg beim Kaiserlichen Gartenfest am Sonntag, 9. September 2018. Was so platt klingt, erfreute die Besucher vor Ort. Bei weitestgehend wolkenfreiem Sonnenschein und 28\u00b0C wurde an den Aussichtspunkten \u00fcber den Bodensee geblickt, sich der anwesenden Kost\u00fcmgruppen erfreut oder durch die Gartenanlage flaniert. Das Napoleonmuseum mit seinen reichen Anzahl an Originalst\u00fccken ist vollst\u00e4ndig eingerichtet, allemal einen Besuch wert und erleichtert das Vorstellen des Lebens der kaiserlichen Familie damals hoch \u00fcber dem Bodensee. Kutschfahrten durch das weitl\u00e4ufige Gel\u00e4nde waren ebenso beliebt wie das angebotene Men\u00fc im Bistro Louis Napol\u00e9on. <\/b><\/p>\n<p>Verschiedene Themenf\u00fchrungen, am Kaiserlichen Gartentag nat\u00fcrlich mit Fokus Garten, wie die &#8222;Zeitreise durch die G\u00e4rten&#8220; oder die vom Historiker und Museumsdirektor Dominik G\u00fcgel selbst gef\u00fchrte Tour &#8222;Neue Erkenntnisse zum Arenenberger Park&#8220; verliefen kurzweilig und interessant. So informierte Direktor G\u00fcgel beispielsweise anschaulich im Rahmen des Rundgangs \u00fcber neu gewonnene Erkenntnisse zum Arenenberg, fr\u00fcher &#8222;Narrenberg&#8220;, der bereits in r\u00f6mischer Zeit besiedelt war. Br\u00fcckenrudimente, die Turm-M\u00fchle, ehemalige Landwirtschaft (Wein, Tiere, Gem\u00fcse und Flachs) wurden ebenfalls thematisiert. Dabei wurden auch geplante Restaurierungen und Erweiterungen bis in die Schlucht mit den Wasserspielen angesprochen. Auch mit dem G\u00e4rtnerteam wurde vielerorts gefachsimpelt.<\/p>\n<p><strong>Einige Foto-Impressionen haben wir in unserer Bilder-Galerie f\u00fcr Sie zusammengestellt. <a href=\"http:\/\/bodensee.land\/?p=423\" rel=\"noopener noreferrer\" target=\"_blank\">Hier klicken<\/a>!<\/strong><\/p>\n<p>Bereit am Vorabend fand im Rahmen der &#8222;Langen Nacht der Bodenseeg\u00e4rten&#8220; eine Abendf\u00fchrung durch die Arenenberger Gartenwelt statt, die danach mit Jazz-Musik vom XOLO-Quartett und einem abschlie\u00dfenden Barock-Feuerwerk abgerundet wurde. <\/p>\n<p>Weitere Informationen zum Napoleonmuseum Thurgau finden Sie unter <a href=\"http:\/\/www.napoleonmuseum.ch\" rel=\"noopener noreferrer\" target=\"_blank\">www.napoleonmuseum.ch<\/a><\/p>\n<div id=\"attachment_16801\" style=\"width: 610px\" class=\"wp-caption alignnone\"><img aria-describedby=\"caption-attachment-16801\" loading=\"lazy\" src=\"http:\/\/www.schechler.com\/see-infos\/wp-content\/uploads\/2018\/09\/DS704158-Kopie.jpg\" alt=\"\" width=\"600\" height=\"401\" class=\"size-full wp-image-16801\" srcset=\"http:\/\/see-infos.de\/wp-content\/uploads\/2018\/09\/DS704158-Kopie.jpg 600w, http:\/\/see-infos.de\/wp-content\/uploads\/2018\/09\/DS704158-Kopie-300x201.jpg 300w\" sizes=\"(max-width: 600px) 100vw, 600px\" \/><p id=\"caption-attachment-16801\" class=\"wp-caption-text\">Die Kost\u00fcmgruppe des Winterhalter-Vereins Menzenschwand pr\u00e4sentiert ein kaiserliches Picknick im Garten vor dem Napoleonmuseum<\/p><\/div>\n<h3>Men\u00fc Kaiserlicher Gartentag<\/h3>\n<p>Das Bistro Louis Napol\u00e9on servierte am Mittag speziell zum Tag kreierte K\u00f6stlichkeiten mit Zutaten aus eigenem und regionalem Anbau.<\/p>\n<p>Vorspeise<br \/>\nArenenberger K\u00fcrbisrahmsuppe mit K\u00fcrbiskern\u00f6l<\/p>\n<p>Hauptgang<br \/>\nArenenberger Hackbraten vom Kalb und Junglamm vom Hof mit frischem Kaviar<br \/>\n(Rapssamen von der Hof-G\u00e4rtnerei)<br \/>\nBratenjus<br \/>\nBratkartoffeln<br \/>\nSaisonales Gem\u00fcse<\/p>\n<p>Dessert<br \/>\nMarinierte Sp\u00e4tsommerbeeren mit hausgemachtem Rosensirup<\/p>\n<p><img src=\"http:\/\/www.schechler.com\/see-infos\/wp-content\/uploads\/2018\/09\/DS704133.jpg\" alt=\"Napoleonmuseum\" \/><br \/>\nBlick vom Arenenberg auf den Bodensee<\/p>\n<p>Arenenberg \u00fcber Arenenberg:<br \/>\n<b>Das sch\u00f6nste Schloss am Bodensee mit Napoleonmuseum Thurgau inmitten der Arenenberger Gartenwelt<\/b><br \/>\nAn einem der sch\u00f6nsten Aussichtspunkte der Bodenseeregion liegt Schloss Arenenberg. 1816 w\u00e4hlte es Hortense de Beauharnais, Stieftochter Napoleons I., als Exilsitz. Sie baute die Anlage aus und richtete die pr\u00e4chtigen Salons stilsicher ein. Besucher flanieren durchs Schloss und erfahren, wie Hortense mit ihrem Sohn Louis gelebt hat. Er wurde sp\u00e4ter als Napoleon III. der letzte Kaiser Frankreichs. <\/p>\n<p><b>Schloss mit Napoleonmuseum<\/b><br \/>\nDas heute noch original ausgestattete Schloss empf\u00e4ngt die Museumsg\u00e4ste wie Freunde von K\u00f6nigin Hortense. Als Besucher streift man durch die Salons mit dem Gef\u00fchl, die kaiserliche Familie sei nur kurz au\u00dfer Haus. Eine Wendeltreppe f\u00fchrt vom Zeltsalon nach oben in die eleganten privaten Gem\u00e4cher der Familie Bonaparte. Besonderer H\u00f6hepunkt: An einem napoleonischen Schreibtisch k\u00f6nnen sich die Museumsbesucher im G\u00e4stebuch des Hauses verewigen.<\/p>\n<p><img src=\"http:\/\/www.schechler.com\/see-infos\/wp-content\/uploads\/2018\/09\/DS704192.jpg\" alt=\"Napoleonmuseum G\u00e4stebuch\" \/><br \/>\nUnser Redakteur MK Schechler tr\u00e4gt sich in das G\u00e4stebuch ein<\/p>\n<div class=\"twoclick_social_bookmarks_post_16787 social_share_privacy clearfix 1.6.4 locale-de_DE sprite-de_DE\"><\/div><div class=\"twoclick-js\"><script type=\"text\/javascript\">\/* <![CDATA[ *\/\njQuery(document).ready(function($){if($('.twoclick_social_bookmarks_post_16787')){$('.twoclick_social_bookmarks_post_16787').socialSharePrivacy({\"services\":{\"twitter\":{\"reply_to\":\"\",\"tweet_text\":\"Kaiserliches%20Gartenfest%20im%20Napoleonmuseum%20Arenenberg%20%C2%BB%20See-Infos.de%20%23Museum%20%23Thurgau\",\"status\":\"on\",\"txt_info\":\"2 Klicks f\\u00fcr mehr Datenschutz: Erst wenn Sie hier klicken, wird der Button aktiv und Sie k\\u00f6nnen Ihre Empfehlung an Twitter senden. Schon beim Aktivieren werden Daten an Dritte \\u00fcbertragen - siehe <em>i<\\\/em>.\",\"perma_option\":\"off\",\"language\":\"de\",\"referrer_track\":\"\"},\"gplus\":{\"status\":\"on\",\"txt_info\":\"2 Klicks f\\u00fcr mehr Datenschutz: Erst wenn Sie hier klicken, wird der Button aktiv und Sie k\\u00f6nnen Ihre Empfehlung an Google+ senden. Schon beim Aktivieren werden Daten an Dritte \\u00fcbertragen - siehe <em>i<\\\/em>.\",\"perma_option\":\"off\",\"referrer_track\":\"\"},\"xing\":{\"status\":\"on\",\"txt_info\":\"2 Klicks f\\u00fcr mehr Datenschutz: Erst wenn Sie hier klicken, wird der Button aktiv und Sie k\\u00f6nnen Ihre Empfehlung an Xing senden. Schon beim Aktivieren werden Daten an Dritte \\u00fcbertragen - siehe <em>i<\\\/em>.\",\"perma_option\":\"off\",\"language\":\"de\",\"referrer_track\":\"\"},\"pinterest\":{\"status\":\"on\",\"the_excerpt\":\"Kaiserliches Gartenfest im Napoleonmuseum Arenenberg\",\"txt_info\":\"2 Klicks f\\u00fcr mehr Datenschutz: Erst wenn Sie hier klicken, wird der Button aktiv und Sie k\\u00f6nnen Ihre Empfehlung an Pinterest senden. Schon beim Aktivieren werden Daten an Dritte \\u00fcbertragen - siehe <em>i<\\\/em>.\",\"perma_option\":\"off\",\"media\":\"http:\\\/\\\/see-infos.de\\\/wp-content\\\/uploads\\\/2018\\\/09\\\/DS704158-Kopie.jpg\"},\"linkedin\":{\"status\":\"on\",\"txt_info\":\"2 Klicks f\\u00fcr mehr Datenschutz: Erst wenn Sie hier klicken, wird der Button aktiv und Sie k\\u00f6nnen Ihre Empfehlung an LinkedIn senden. Schon beim Aktivieren werden Daten an Dritte \\u00fcbertragen - siehe <em>i<\\\/em>.\",\"perma_option\":\"off\"}},\"txt_help\":\"Wenn Sie diese Felder durch einen Klick aktivieren, werden Informationen an Facebook, Twitter, Flattr, Xing, t3n, LinkedIn, Pinterest oder Google eventuell ins Ausland \\u00fcbertragen und unter Umst\\u00e4nden auch dort gespeichert. N\\u00e4heres erfahren Sie durch einen Klick auf das <em>i<\\\/em>.\",\"settings_perma\":\"Dauerhaft aktivieren und Daten\\u00fcber-tragung zustimmen:\",\"info_link\":\"http:\\\/\\\/www.heise.de\\\/ct\\\/artikel\\\/2-Klicks-fuer-mehr-Datenschutz-1333879.html\",\"uri\":\"http:\\\/\\\/see-infos.de\\\/?p=16787\",\"post_id\":16787,\"post_title_referrer_track\":\"Kaiserliches+Gartenfest+im+Napoleonmuseum+Arenenberg\",\"display_infobox\":\"on\"});}});\n\/* ]]> *\/<\/script><\/div>","protected":false},"excerpt":{"rendered":"<p>#thurgau #napoleonmuseumarenenberg Kaiserliches Gartenfest im Napoleonmuseum Arenenberg Kaiserwetter im Napoleonmuseum Arenenberg beim Kaiserlichen Gartenfest am Sonntag, 9. September 2018. Was so platt klingt, erfreute die Besucher vor Ort. Bei weitestgehend wolkenfreiem Sonnenschein und 28\u00b0C wurde an den Aussichtspunkten \u00fcber den Bodensee geblickt, sich der anwesenden Kost\u00fcmgruppen erfreut oder durch die Gartenanlage flaniert. Das Napoleonmuseum mit [&hellip;]<\/p>\n","protected":false},"author":1,"featured_media":16801,"comment_status":"closed","ping_status":"closed","sticky":false,"template":"","format":"standard","meta":[],"categories":[1,7],"tags":[23,25],"_links":{"self":[{"href":"http:\/\/see-infos.de\/index.php?rest_route=\/wp\/v2\/posts\/16787"}],"collection":[{"href":"http:\/\/see-infos.de\/index.php?rest_route=\/wp\/v2\/posts"}],"about":[{"href":"http:\/\/see-infos.de\/index.php?rest_route=\/wp\/v2\/types\/post"}],"author":[{"embeddable":true,"href":"http:\/\/see-infos.de\/index.php?rest_route=\/wp\/v2\/users\/1"}],"replies":[{"embeddable":true,"href":"http:\/\/see-infos.de\/index.php?rest_route=%2Fwp%2Fv2%2Fcomments&post=16787"}],"version-history":[{"count":0,"href":"http:\/\/see-infos.de\/index.php?rest_route=\/wp\/v2\/posts\/16787\/revisions"}],"wp:featuredmedia":[{"embeddable":true,"href":"http:\/\/see-infos.de\/index.php?rest_route=\/wp\/v2\/media\/16801"}],"wp:attachment":[{"href":"http:\/\/see-infos.de\/index.php?rest_route=%2Fwp%2Fv2%2Fmedia&parent=16787"}],"wp:term":[{"taxonomy":"category","embeddable":true,"href":"http:\/\/see-infos.de\/index.php?rest_route=%2Fwp%2Fv2%2Fcategories&post=16787"},{"taxonomy":"post_tag","embeddable":true,"href":"http:\/\/see-infos.de\/index.php?rest_route=%2Fwp%2Fv2%2Ftags&post=16787"}],"curies":[{"name":"wp","href":"https:\/\/api.w.org\/{rel}","templated":true}]}}