{"id":14639,"date":"2017-12-03T19:36:04","date_gmt":"2017-12-03T18:36:04","guid":{"rendered":"http:\/\/www.see-infos.de\/?p=14639"},"modified":"2022-08-10T09:30:17","modified_gmt":"2022-08-10T07:30:17","slug":"impressionen-vom-graeflichen-schlossfest-auf-der-mainau","status":"publish","type":"post","link":"http:\/\/see-infos.de\/?p=14639","title":{"rendered":"Impressionen vom Gr\u00e4flichen Schlossfest auf der Mainau"},"content":{"rendered":"<p>#Mainau #Bodensee <\/p>\n<h3>Gr\u00e4fliches Schlossfest<\/h3>\n<p><b>29. September bis 3. Oktober 2017, Insel Mainau Bereits zum zw\u00f6lften Mal \u00f6ffnete die Familie Bernadotte anl\u00e4sslich des Gr\u00e4flichen Schlossfests die Tore von Schloss Mainau und verwandelte den Barockbau aus dem 18. Jahrhundert in ein Einkaufsparadies. In sonst nicht zug\u00e4nglichen Schlossr\u00e4umen wurden vom 29. September bis 3. Oktober 2017 handgefertigter Schmuck, extravagante Mode, kulinarische K\u00f6stlichkeiten und ausgefallene Einrichtungsgegenst\u00e4nde pr\u00e4sentiert.<\/b><\/p>\n<p><div id=\"attachment_14641\" style=\"width: 407px\" class=\"wp-caption alignleft\"><img aria-describedby=\"caption-attachment-14641\" loading=\"lazy\" src=\"http:\/\/www.schechler.com\/see-infos\/wp-content\/uploads\/2017\/10\/DSC03097.jpg\" alt=\"\" width=\"397\" height=\"600\" class=\"size-full wp-image-14641\" srcset=\"http:\/\/see-infos.de\/wp-content\/uploads\/2017\/10\/DSC03097.jpg 397w, http:\/\/see-infos.de\/wp-content\/uploads\/2017\/10\/DSC03097-199x300.jpg 199w\" sizes=\"(max-width: 397px) 100vw, 397px\" \/><p id=\"caption-attachment-14641\" class=\"wp-caption-text\">Zu einer modischen Zeitreise luden die historischen Modeschauen von \u201eSissis Erben\u201c aus Villingen ein<\/p><\/div><br \/>\nAuch in diesem Jahr pr\u00e4sentierte Diana Gr\u00e4fin Bernadotte t\u00e4glich um 14.00 Uhr die neuesten Kreationen aus ihrem Atelier in einer Hut-Modenschau. Zu einer modischen Zeitreise luden die historischen Modeschauen von \u201eSissis Erben\u201c aus Villingen (t\u00e4glich um 16.30 Uhr) und Vortr\u00e4ge mit dem Titel \u201eSilhouettenwechsel\u201c (t\u00e4glich um 11.30 Uhr) ein. Mehr \u00fcber das rastlose Leben der russischen Gro\u00dff\u00fcrstin Maria Pawlowna, der Mutter des Unternehmensgr\u00fcnders Lennart Graf Bernadotte, erfuhren die Besucherinnen und Besucher bei Lesungen der Autorin Gunna Wendt im Roten Salon. Im Torbogenkeller gab es Weinproben mit regionalen Weinen und Leckereien und die G\u00e4ste erhielten bei einem Schaubrennen Einblicke in die Schnapsbrennerei (t\u00e4glich 11.00 bis 16.00 Uhr). Beim verl\u00e4ngerten Einkaufsabend am Samstag untermalte Heiko Frehse mit seinem Saxophon das exklusive Einkaufserlebnis mit entspannten Kl\u00e4ngen. Um 19.00 Uhr f\u00fchrte der Nachtw\u00e4chter eine Lampionf\u00fchrung \u00fcber die Insel. Aber auch tags\u00fcber lohnte sich ein ausgedehnter Spaziergang \u00fcber die Insel Mainau. Im Ufergarten bl\u00fchen rund 12.000 farbenpr\u00e4chtige Dahlien in \u00fcber 250 verschiedenen Sorten und der Park beginnt, sein Herbstkleid anzulegen.<\/p>\n<p>Weitere Informationen zur Mainau unter <a href=\"http:\/\/www.mainau.de\" rel=\"noopener noreferrer\" target=\"_blank\">www.mainau.de <\/a><\/p>\n<div id=\"attachment_14642\" style=\"width: 610px\" class=\"wp-caption alignleft\"><img aria-describedby=\"caption-attachment-14642\" loading=\"lazy\" src=\"http:\/\/www.schechler.com\/see-infos\/wp-content\/uploads\/2017\/10\/DSC03106.jpg\" alt=\"\" width=\"600\" height=\"399\" class=\"size-full wp-image-14642\" srcset=\"http:\/\/see-infos.de\/wp-content\/uploads\/2017\/10\/DSC03106.jpg 600w, http:\/\/see-infos.de\/wp-content\/uploads\/2017\/10\/DSC03106-300x200.jpg 300w\" sizes=\"(max-width: 600px) 100vw, 600px\" \/><p id=\"caption-attachment-14642\" class=\"wp-caption-text\">Schloss Mainau<\/p><\/div>\n<div id=\"attachment_14643\" style=\"width: 610px\" class=\"wp-caption alignleft\"><img aria-describedby=\"caption-attachment-14643\" loading=\"lazy\" src=\"http:\/\/www.schechler.com\/see-infos\/wp-content\/uploads\/2017\/10\/DSC03082.jpg\" alt=\"\" width=\"600\" height=\"399\" class=\"size-full wp-image-14643\" srcset=\"http:\/\/see-infos.de\/wp-content\/uploads\/2017\/10\/DSC03082.jpg 600w, http:\/\/see-infos.de\/wp-content\/uploads\/2017\/10\/DSC03082-300x200.jpg 300w\" sizes=\"(max-width: 600px) 100vw, 600px\" \/><p id=\"caption-attachment-14643\" class=\"wp-caption-text\">Dahlienbl\u00fcte<\/p><\/div>\n<div id=\"attachment_14644\" style=\"width: 610px\" class=\"wp-caption alignleft\"><img aria-describedby=\"caption-attachment-14644\" loading=\"lazy\" src=\"http:\/\/www.schechler.com\/see-infos\/wp-content\/uploads\/2017\/10\/DSC03086.jpg\" alt=\"\" width=\"600\" height=\"399\" class=\"size-full wp-image-14644\" srcset=\"http:\/\/see-infos.de\/wp-content\/uploads\/2017\/10\/DSC03086.jpg 600w, http:\/\/see-infos.de\/wp-content\/uploads\/2017\/10\/DSC03086-300x200.jpg 300w\" sizes=\"(max-width: 600px) 100vw, 600px\" \/><p id=\"caption-attachment-14644\" class=\"wp-caption-text\">Italienische Blumen-Wassertreppe<\/p><\/div>\n<div class=\"twoclick_social_bookmarks_post_14639 social_share_privacy clearfix 1.6.4 locale-de_DE sprite-de_DE\"><\/div><div class=\"twoclick-js\"><script type=\"text\/javascript\">\/* <![CDATA[ *\/\njQuery(document).ready(function($){if($('.twoclick_social_bookmarks_post_14639')){$('.twoclick_social_bookmarks_post_14639').socialSharePrivacy({\"services\":{\"twitter\":{\"reply_to\":\"\",\"tweet_text\":\"Impressionen%20vom%20Gr%C3%A4flichen%20Schlossfest%20auf%20der%20Mainau%20%C2%BB%20See-Infos.de%20%23Mainau\",\"status\":\"on\",\"txt_info\":\"2 Klicks f\\u00fcr mehr Datenschutz: Erst wenn Sie hier klicken, wird der Button aktiv und Sie k\\u00f6nnen Ihre Empfehlung an Twitter senden. Schon beim Aktivieren werden Daten an Dritte \\u00fcbertragen - siehe <em>i<\\\/em>.\",\"perma_option\":\"off\",\"language\":\"de\",\"referrer_track\":\"\"},\"gplus\":{\"status\":\"on\",\"txt_info\":\"2 Klicks f\\u00fcr mehr Datenschutz: Erst wenn Sie hier klicken, wird der Button aktiv und Sie k\\u00f6nnen Ihre Empfehlung an Google+ senden. Schon beim Aktivieren werden Daten an Dritte \\u00fcbertragen - siehe <em>i<\\\/em>.\",\"perma_option\":\"off\",\"referrer_track\":\"\"},\"xing\":{\"status\":\"on\",\"txt_info\":\"2 Klicks f\\u00fcr mehr Datenschutz: Erst wenn Sie hier klicken, wird der Button aktiv und Sie k\\u00f6nnen Ihre Empfehlung an Xing senden. Schon beim Aktivieren werden Daten an Dritte \\u00fcbertragen - siehe <em>i<\\\/em>.\",\"perma_option\":\"off\",\"language\":\"de\",\"referrer_track\":\"\"},\"pinterest\":{\"status\":\"on\",\"the_excerpt\":\"Impressionen vom Gr\\u00e4flichen Schlossfest auf der Mainau\",\"txt_info\":\"2 Klicks f\\u00fcr mehr Datenschutz: Erst wenn Sie hier klicken, wird der Button aktiv und Sie k\\u00f6nnen Ihre Empfehlung an Pinterest senden. Schon beim Aktivieren werden Daten an Dritte \\u00fcbertragen - siehe <em>i<\\\/em>.\",\"perma_option\":\"off\",\"media\":\"http:\\\/\\\/see-infos.de\\\/wp-content\\\/uploads\\\/2017\\\/10\\\/DSC03097.jpg\"},\"linkedin\":{\"status\":\"on\",\"txt_info\":\"2 Klicks f\\u00fcr mehr Datenschutz: Erst wenn Sie hier klicken, wird der Button aktiv und Sie k\\u00f6nnen Ihre Empfehlung an LinkedIn senden. Schon beim Aktivieren werden Daten an Dritte \\u00fcbertragen - siehe <em>i<\\\/em>.\",\"perma_option\":\"off\"}},\"txt_help\":\"Wenn Sie diese Felder durch einen Klick aktivieren, werden Informationen an Facebook, Twitter, Flattr, Xing, t3n, LinkedIn, Pinterest oder Google eventuell ins Ausland \\u00fcbertragen und unter Umst\\u00e4nden auch dort gespeichert. N\\u00e4heres erfahren Sie durch einen Klick auf das <em>i<\\\/em>.\",\"settings_perma\":\"Dauerhaft aktivieren und Daten\\u00fcber-tragung zustimmen:\",\"info_link\":\"http:\\\/\\\/www.heise.de\\\/ct\\\/artikel\\\/2-Klicks-fuer-mehr-Datenschutz-1333879.html\",\"uri\":\"http:\\\/\\\/see-infos.de\\\/?p=14639\",\"post_id\":14639,\"post_title_referrer_track\":\"Impressionen+vom+Gr%C3%A4flichen+Schlossfest+auf+der+Mainau\",\"display_infobox\":\"on\"});}});\n\/* ]]> *\/<\/script><\/div>","protected":false},"excerpt":{"rendered":"<p>#Mainau #Bodensee Gr\u00e4fliches Schlossfest 29. September bis 3. Oktober 2017, Insel Mainau Bereits zum zw\u00f6lften Mal \u00f6ffnete die Familie Bernadotte anl\u00e4sslich des Gr\u00e4flichen Schlossfests die Tore von Schloss Mainau und verwandelte den Barockbau aus dem 18. Jahrhundert in ein Einkaufsparadies. In sonst nicht zug\u00e4nglichen Schlossr\u00e4umen wurden vom 29. September bis 3. Oktober 2017 handgefertigter Schmuck, [&hellip;]<\/p>\n","protected":false},"author":1,"featured_media":14641,"comment_status":"closed","ping_status":"closed","sticky":false,"template":"","format":"standard","meta":[],"categories":[1,7],"tags":[29],"_links":{"self":[{"href":"http:\/\/see-infos.de\/index.php?rest_route=\/wp\/v2\/posts\/14639"}],"collection":[{"href":"http:\/\/see-infos.de\/index.php?rest_route=\/wp\/v2\/posts"}],"about":[{"href":"http:\/\/see-infos.de\/index.php?rest_route=\/wp\/v2\/types\/post"}],"author":[{"embeddable":true,"href":"http:\/\/see-infos.de\/index.php?rest_route=\/wp\/v2\/users\/1"}],"replies":[{"embeddable":true,"href":"http:\/\/see-infos.de\/index.php?rest_route=%2Fwp%2Fv2%2Fcomments&post=14639"}],"version-history":[{"count":0,"href":"http:\/\/see-infos.de\/index.php?rest_route=\/wp\/v2\/posts\/14639\/revisions"}],"wp:featuredmedia":[{"embeddable":true,"href":"http:\/\/see-infos.de\/index.php?rest_route=\/wp\/v2\/media\/14641"}],"wp:attachment":[{"href":"http:\/\/see-infos.de\/index.php?rest_route=%2Fwp%2Fv2%2Fmedia&parent=14639"}],"wp:term":[{"taxonomy":"category","embeddable":true,"href":"http:\/\/see-infos.de\/index.php?rest_route=%2Fwp%2Fv2%2Fcategories&post=14639"},{"taxonomy":"post_tag","embeddable":true,"href":"http:\/\/see-infos.de\/index.php?rest_route=%2Fwp%2Fv2%2Ftags&post=14639"}],"curies":[{"name":"wp","href":"https:\/\/api.w.org\/{rel}","templated":true}]}}