{"id":14162,"date":"2017-12-20T09:04:14","date_gmt":"2017-12-20T08:04:14","guid":{"rendered":"http:\/\/www.see-infos.de\/?p=14162"},"modified":"2022-08-10T09:22:53","modified_gmt":"2022-08-10T07:22:53","slug":"carmen-premiere-von-heftigem-dauerregen-bgleitet","status":"publish","type":"post","link":"http:\/\/see-infos.de\/?p=14162","title":{"rendered":"CARMEN-Premiere von heftigem Dauerregen begleitet"},"content":{"rendered":"<p>#bregenzerfestspiele #oper #Bregenz <\/p>\n<h3>Die Wasserschlacht von Sevilla<\/h3>\n<p><strong>Anhaltender Dauerregen begleitete die umjubelte Opern-Premiere CARMEN von Georges Bizet auf der Seeb\u00fchne in Bregenz gestern Abend. Die spektakul\u00e4re und effektvolle Seeb\u00fchnen-Inszenierung und die Bregenzer Festspiele wurden bereits am Vormittag unter Beisein des \u00f6sterreichischen Bundespr\u00e4sidenten Van der Bellen mit einem Festakt offiziell er\u00f6ffnet.<\/strong><\/p>\n<p>Dreh- und Angelpunkt der Seeb\u00fchnen-Inszenierungen ist das wandelbare B\u00fchnenbild, diesmal von Es Devlin.<\/p>\n<blockquote><p>&#8222;Vor allem in gro\u00dfen Stadion-Auff\u00fchrungen arbeite ich oft mit Projektion, was es in Bregenz so noch nicht gab. Als wir die Idee mit den Karten entwickelten, entdeckten wir sie als wunderbare Projektionsfl\u00e4chen. \u00dcber den ganzen Abend hinweg ver\u00e4ndern sie ihren Charakter.&#8220;, so ES Devlin im Gespr\u00e4ch bei den Bregenzer Festspielen.<\/p><\/blockquote>\n<p>Mehr zur Auff\u00fchrung in den n\u00e4chsten Tagen.<\/p>\n<p>Infos zu den Bregenzer Festspielen unter <a href=\"http:\/\/www.bregenzerfestspiele.com\" target=\"_blank\" rel=\"noopener noreferrer\">www.bregenzerfestspiele.com<\/a> <\/p>\n<div id=\"attachment_14165\" style=\"width: 610px\" class=\"wp-caption alignleft\"><img aria-describedby=\"caption-attachment-14165\" loading=\"lazy\" src=\"http:\/\/www.schechler.com\/see-infos\/wp-content\/uploads\/2017\/07\/2017-07-19-23.10.08-Kopie.jpg\" alt=\"\" width=\"600\" height=\"600\" class=\"size-full wp-image-14165\" srcset=\"http:\/\/see-infos.de\/wp-content\/uploads\/2017\/07\/2017-07-19-23.10.08-Kopie.jpg 600w, http:\/\/see-infos.de\/wp-content\/uploads\/2017\/07\/2017-07-19-23.10.08-Kopie-150x150.jpg 150w, http:\/\/see-infos.de\/wp-content\/uploads\/2017\/07\/2017-07-19-23.10.08-Kopie-300x300.jpg 300w, http:\/\/see-infos.de\/wp-content\/uploads\/2017\/07\/2017-07-19-23.10.08-Kopie-50x50.jpg 50w, http:\/\/see-infos.de\/wp-content\/uploads\/2017\/07\/2017-07-19-23.10.08-Kopie-144x144.jpg 144w\" sizes=\"(max-width: 600px) 100vw, 600px\" \/><p id=\"caption-attachment-14165\" class=\"wp-caption-text\">Premiere CARMEN auf der Seeb\u00fchne Bregenz, 19.Juli 2017<\/p><\/div>\n<div class=\"twoclick_social_bookmarks_post_14162 social_share_privacy clearfix 1.6.4 locale-de_DE sprite-de_DE\"><\/div><div class=\"twoclick-js\"><script type=\"text\/javascript\">\/* <![CDATA[ *\/\njQuery(document).ready(function($){if($('.twoclick_social_bookmarks_post_14162')){$('.twoclick_social_bookmarks_post_14162').socialSharePrivacy({\"services\":{\"twitter\":{\"reply_to\":\"\",\"tweet_text\":\"%20CARMEN-Premiere%20von%20heftigem%20Dauerregen%20begleitet%20%C2%BB%20See-Infos.de%20%23Klassik%20%23Open%20...\",\"status\":\"on\",\"txt_info\":\"2 Klicks f\\u00fcr mehr Datenschutz: Erst wenn Sie hier klicken, wird der Button aktiv und Sie k\\u00f6nnen Ihre Empfehlung an Twitter senden. Schon beim Aktivieren werden Daten an Dritte \\u00fcbertragen - siehe <em>i<\\\/em>.\",\"perma_option\":\"off\",\"language\":\"de\",\"referrer_track\":\"\"},\"gplus\":{\"status\":\"on\",\"txt_info\":\"2 Klicks f\\u00fcr mehr Datenschutz: Erst wenn Sie hier klicken, wird der Button aktiv und Sie k\\u00f6nnen Ihre Empfehlung an Google+ senden. Schon beim Aktivieren werden Daten an Dritte \\u00fcbertragen - siehe <em>i<\\\/em>.\",\"perma_option\":\"off\",\"referrer_track\":\"\"},\"xing\":{\"status\":\"on\",\"txt_info\":\"2 Klicks f\\u00fcr mehr Datenschutz: Erst wenn Sie hier klicken, wird der Button aktiv und Sie k\\u00f6nnen Ihre Empfehlung an Xing senden. Schon beim Aktivieren werden Daten an Dritte \\u00fcbertragen - siehe <em>i<\\\/em>.\",\"perma_option\":\"off\",\"language\":\"de\",\"referrer_track\":\"\"},\"pinterest\":{\"status\":\"on\",\"the_excerpt\":\"CARMEN-Premiere von heftigem Dauerregen begleitet\",\"txt_info\":\"2 Klicks f\\u00fcr mehr Datenschutz: Erst wenn Sie hier klicken, wird der Button aktiv und Sie k\\u00f6nnen Ihre Empfehlung an Pinterest senden. Schon beim Aktivieren werden Daten an Dritte \\u00fcbertragen - siehe <em>i<\\\/em>.\",\"perma_option\":\"off\",\"media\":\"http:\\\/\\\/see-infos.de\\\/wp-content\\\/uploads\\\/2017\\\/07\\\/2017-07-19-23.10.08-Kopie.jpg\"},\"linkedin\":{\"status\":\"on\",\"txt_info\":\"2 Klicks f\\u00fcr mehr Datenschutz: Erst wenn Sie hier klicken, wird der Button aktiv und Sie k\\u00f6nnen Ihre Empfehlung an LinkedIn senden. Schon beim Aktivieren werden Daten an Dritte \\u00fcbertragen - siehe <em>i<\\\/em>.\",\"perma_option\":\"off\"}},\"txt_help\":\"Wenn Sie diese Felder durch einen Klick aktivieren, werden Informationen an Facebook, Twitter, Flattr, Xing, t3n, LinkedIn, Pinterest oder Google eventuell ins Ausland \\u00fcbertragen und unter Umst\\u00e4nden auch dort gespeichert. N\\u00e4heres erfahren Sie durch einen Klick auf das <em>i<\\\/em>.\",\"settings_perma\":\"Dauerhaft aktivieren und Daten\\u00fcber-tragung zustimmen:\",\"info_link\":\"http:\\\/\\\/www.heise.de\\\/ct\\\/artikel\\\/2-Klicks-fuer-mehr-Datenschutz-1333879.html\",\"uri\":\"http:\\\/\\\/see-infos.de\\\/?p=14162\",\"post_id\":14162,\"post_title_referrer_track\":\"CARMEN-Premiere+von+heftigem+Dauerregen+begleitet\",\"display_infobox\":\"on\"});}});\n\/* ]]> *\/<\/script><\/div>","protected":false},"excerpt":{"rendered":"<p>#bregenzerfestspiele #oper #Bregenz Die Wasserschlacht von Sevilla Anhaltender Dauerregen begleitete die umjubelte Opern-Premiere CARMEN von Georges Bizet auf der Seeb\u00fchne in Bregenz gestern Abend. Die spektakul\u00e4re und effektvolle Seeb\u00fchnen-Inszenierung und die Bregenzer Festspiele wurden bereits am Vormittag unter Beisein des \u00f6sterreichischen Bundespr\u00e4sidenten Van der Bellen mit einem Festakt offiziell er\u00f6ffnet. Dreh- und Angelpunkt der Seeb\u00fchnen-Inszenierungen [&hellip;]<\/p>\n","protected":false},"author":1,"featured_media":14165,"comment_status":"closed","ping_status":"closed","sticky":false,"template":"","format":"standard","meta":[],"categories":[1,7],"tags":[56,60,43],"_links":{"self":[{"href":"http:\/\/see-infos.de\/index.php?rest_route=\/wp\/v2\/posts\/14162"}],"collection":[{"href":"http:\/\/see-infos.de\/index.php?rest_route=\/wp\/v2\/posts"}],"about":[{"href":"http:\/\/see-infos.de\/index.php?rest_route=\/wp\/v2\/types\/post"}],"author":[{"embeddable":true,"href":"http:\/\/see-infos.de\/index.php?rest_route=\/wp\/v2\/users\/1"}],"replies":[{"embeddable":true,"href":"http:\/\/see-infos.de\/index.php?rest_route=%2Fwp%2Fv2%2Fcomments&post=14162"}],"version-history":[{"count":0,"href":"http:\/\/see-infos.de\/index.php?rest_route=\/wp\/v2\/posts\/14162\/revisions"}],"wp:featuredmedia":[{"embeddable":true,"href":"http:\/\/see-infos.de\/index.php?rest_route=\/wp\/v2\/media\/14165"}],"wp:attachment":[{"href":"http:\/\/see-infos.de\/index.php?rest_route=%2Fwp%2Fv2%2Fmedia&parent=14162"}],"wp:term":[{"taxonomy":"category","embeddable":true,"href":"http:\/\/see-infos.de\/index.php?rest_route=%2Fwp%2Fv2%2Fcategories&post=14162"},{"taxonomy":"post_tag","embeddable":true,"href":"http:\/\/see-infos.de\/index.php?rest_route=%2Fwp%2Fv2%2Ftags&post=14162"}],"curies":[{"name":"wp","href":"https:\/\/api.w.org\/{rel}","templated":true}]}}