{"id":14112,"date":"2017-12-19T08:44:49","date_gmt":"2017-12-19T07:44:49","guid":{"rendered":"http:\/\/www.see-infos.de\/?p=14112"},"modified":"2022-08-10T09:23:00","modified_gmt":"2022-08-10T07:23:00","slug":"vues-de-suisse-rigi-bergbahn","status":"publish","type":"post","link":"http:\/\/see-infos.de\/?p=14112","title":{"rendered":"Vues de Suisse &#8211; Rigi-Bergbahn"},"content":{"rendered":"<p>#schweiz #Museum #fotografie<\/p>\n<div id=\"attachment_14113\" style=\"width: 610px\" class=\"wp-caption alignleft\"><img aria-describedby=\"caption-attachment-14113\" loading=\"lazy\" src=\"http:\/\/www.schechler.com\/see-infos\/wp-content\/uploads\/2017\/07\/01.jpg\" alt=\"\" width=\"600\" height=\"414\" class=\"size-full wp-image-14113\" srcset=\"http:\/\/see-infos.de\/wp-content\/uploads\/2017\/07\/01.jpg 600w, http:\/\/see-infos.de\/wp-content\/uploads\/2017\/07\/01-300x207.jpg 300w\" sizes=\"(max-width: 600px) 100vw, 600px\" \/><p id=\"caption-attachment-14113\" class=\"wp-caption-text\">Die Rigi-Bergbahn f\u00fchrt \u00fcber die Schnurtobelbr\u00fccke. Im Hintergrund sieht man den Vierwaldst\u00e4ttersee. Das Bild wurde um 1875 gemacht.<br \/>\u00a9 Schweizerisches Nationalmuseum<\/p><\/div>\n<p><strong>Vues de Suisse<\/strong><\/p>\n<p>Mitte des 19. Jahrhunderts machte sich Jean Adolphe Braun einen Namen als Fotograf. Seine Bilder der Schweiz unterst\u00fctzten den aufkommenden Tourismus und dokumentierten die Entstehung der Infrastruktur in den Alpen. Mit seinen Fotos befl\u00fcgelte Jean Adolphe Braun Mitte des 19. Jahrhunderts die Fantasie des europ\u00e4ischen B\u00fcrgertums. Der Els\u00e4sser spezialisierte sich auf Ansichten von Landschaften und St\u00e4dten. Die Schweiz hatte es ihm besonders angetan.<\/p>\n<p>Das Landesmuseum Z\u00fcrich zeigt mit \u00abVues de Suisse \u2013 Tourismus &#038; Fotografie 1870 \u2013 1900\u00bb Brauns sch\u00f6nste Blicke auf die Schweiz. In der Ferienzeit vom 6. Juli bis 6. August k\u00f6nnen die Besucher tief ins 19. Jahrhundert eintauchen.<\/p>\n<p>Schweizerisches Nationalmuseum<br \/>\nLandesmuseum Z\u00fcrich<br \/>\nMehr Infos unter <a href=\"http:\/\/www.landesmuseum.ch\" target=\"_blank\" rel=\"noopener noreferrer\">www.landesmuseum.ch<\/a><\/p>\n<div class=\"twoclick_social_bookmarks_post_14112 social_share_privacy clearfix 1.6.4 locale-de_DE sprite-de_DE\"><\/div><div class=\"twoclick-js\"><script type=\"text\/javascript\">\/* <![CDATA[ *\/\njQuery(document).ready(function($){if($('.twoclick_social_bookmarks_post_14112')){$('.twoclick_social_bookmarks_post_14112').socialSharePrivacy({\"services\":{\"twitter\":{\"reply_to\":\"\",\"tweet_text\":\"Vues%20de%20Suisse%20%E2%80%93%20Rigi-Bergbahn%20%C2%BB%20See-Infos.de%20%23Schweiz%20%23Z%C3%BCrich\",\"status\":\"on\",\"txt_info\":\"2 Klicks f\\u00fcr mehr Datenschutz: Erst wenn Sie hier klicken, wird der Button aktiv und Sie k\\u00f6nnen Ihre Empfehlung an Twitter senden. Schon beim Aktivieren werden Daten an Dritte \\u00fcbertragen - siehe <em>i<\\\/em>.\",\"perma_option\":\"off\",\"language\":\"de\",\"referrer_track\":\"\"},\"gplus\":{\"status\":\"on\",\"txt_info\":\"2 Klicks f\\u00fcr mehr Datenschutz: Erst wenn Sie hier klicken, wird der Button aktiv und Sie k\\u00f6nnen Ihre Empfehlung an Google+ senden. Schon beim Aktivieren werden Daten an Dritte \\u00fcbertragen - siehe <em>i<\\\/em>.\",\"perma_option\":\"off\",\"referrer_track\":\"\"},\"xing\":{\"status\":\"on\",\"txt_info\":\"2 Klicks f\\u00fcr mehr Datenschutz: Erst wenn Sie hier klicken, wird der Button aktiv und Sie k\\u00f6nnen Ihre Empfehlung an Xing senden. Schon beim Aktivieren werden Daten an Dritte \\u00fcbertragen - siehe <em>i<\\\/em>.\",\"perma_option\":\"off\",\"language\":\"de\",\"referrer_track\":\"\"},\"pinterest\":{\"status\":\"on\",\"the_excerpt\":\"Vues de Suisse &#8211; Rigi-Bergbahn\",\"txt_info\":\"2 Klicks f\\u00fcr mehr Datenschutz: Erst wenn Sie hier klicken, wird der Button aktiv und Sie k\\u00f6nnen Ihre Empfehlung an Pinterest senden. Schon beim Aktivieren werden Daten an Dritte \\u00fcbertragen - siehe <em>i<\\\/em>.\",\"perma_option\":\"off\",\"media\":\"http:\\\/\\\/see-infos.de\\\/wp-content\\\/uploads\\\/2017\\\/07\\\/01.jpg\"},\"linkedin\":{\"status\":\"on\",\"txt_info\":\"2 Klicks f\\u00fcr mehr Datenschutz: Erst wenn Sie hier klicken, wird der Button aktiv und Sie k\\u00f6nnen Ihre Empfehlung an LinkedIn senden. Schon beim Aktivieren werden Daten an Dritte \\u00fcbertragen - siehe <em>i<\\\/em>.\",\"perma_option\":\"off\"}},\"txt_help\":\"Wenn Sie diese Felder durch einen Klick aktivieren, werden Informationen an Facebook, Twitter, Flattr, Xing, t3n, LinkedIn, Pinterest oder Google eventuell ins Ausland \\u00fcbertragen und unter Umst\\u00e4nden auch dort gespeichert. N\\u00e4heres erfahren Sie durch einen Klick auf das <em>i<\\\/em>.\",\"settings_perma\":\"Dauerhaft aktivieren und Daten\\u00fcber-tragung zustimmen:\",\"info_link\":\"http:\\\/\\\/www.heise.de\\\/ct\\\/artikel\\\/2-Klicks-fuer-mehr-Datenschutz-1333879.html\",\"uri\":\"http:\\\/\\\/see-infos.de\\\/?p=14112\",\"post_id\":14112,\"post_title_referrer_track\":\"Vues+de+Suisse+%26%238211%3B+Rigi-Bergbahn\",\"display_infobox\":\"on\"});}});\n\/* ]]> *\/<\/script><\/div>","protected":false},"excerpt":{"rendered":"<p>#schweiz #Museum #fotografie Vues de Suisse Mitte des 19. Jahrhunderts machte sich Jean Adolphe Braun einen Namen als Fotograf. Seine Bilder der Schweiz unterst\u00fctzten den aufkommenden Tourismus und dokumentierten die Entstehung der Infrastruktur in den Alpen. Mit seinen Fotos befl\u00fcgelte Jean Adolphe Braun Mitte des 19. Jahrhunderts die Fantasie des europ\u00e4ischen B\u00fcrgertums. Der Els\u00e4sser spezialisierte [&hellip;]<\/p>\n","protected":false},"author":1,"featured_media":14113,"comment_status":"closed","ping_status":"closed","sticky":false,"template":"","format":"standard","meta":[],"categories":[1,7],"tags":[75,118],"_links":{"self":[{"href":"http:\/\/see-infos.de\/index.php?rest_route=\/wp\/v2\/posts\/14112"}],"collection":[{"href":"http:\/\/see-infos.de\/index.php?rest_route=\/wp\/v2\/posts"}],"about":[{"href":"http:\/\/see-infos.de\/index.php?rest_route=\/wp\/v2\/types\/post"}],"author":[{"embeddable":true,"href":"http:\/\/see-infos.de\/index.php?rest_route=\/wp\/v2\/users\/1"}],"replies":[{"embeddable":true,"href":"http:\/\/see-infos.de\/index.php?rest_route=%2Fwp%2Fv2%2Fcomments&post=14112"}],"version-history":[{"count":0,"href":"http:\/\/see-infos.de\/index.php?rest_route=\/wp\/v2\/posts\/14112\/revisions"}],"wp:featuredmedia":[{"embeddable":true,"href":"http:\/\/see-infos.de\/index.php?rest_route=\/wp\/v2\/media\/14113"}],"wp:attachment":[{"href":"http:\/\/see-infos.de\/index.php?rest_route=%2Fwp%2Fv2%2Fmedia&parent=14112"}],"wp:term":[{"taxonomy":"category","embeddable":true,"href":"http:\/\/see-infos.de\/index.php?rest_route=%2Fwp%2Fv2%2Fcategories&post=14112"},{"taxonomy":"post_tag","embeddable":true,"href":"http:\/\/see-infos.de\/index.php?rest_route=%2Fwp%2Fv2%2Ftags&post=14112"}],"curies":[{"name":"wp","href":"https:\/\/api.w.org\/{rel}","templated":true}]}}