{"id":13155,"date":"2017-12-07T15:15:10","date_gmt":"2017-12-07T14:15:10","guid":{"rendered":"http:\/\/www.see-infos.de\/?p=13155"},"modified":"2022-08-10T09:11:45","modified_gmt":"2022-08-10T07:11:45","slug":"die-narren-uebernehmen-fasnacht-am-bodensee","status":"publish","type":"post","link":"http:\/\/see-infos.de\/?p=13155","title":{"rendered":"Die Narren \u00fcbernehmen \u2013 Fasnacht am Bodensee"},"content":{"rendered":"<p>#Fasnacht <\/p>\n<p><strong>Trommelschl\u00e4ge, bunte Kost\u00fcme und n\u00e4rrisches Treiben: die vier L\u00e4nder rund um den See feiern die f\u00fcnfte Jahreszeit. Einst sollten die altehrw\u00fcrdigen Masken und der Klang der Fanfaren den langen Winter vertreiben. Heute ist die Fasnacht einer der H\u00f6hepunkte der Winterzeit, bei dem jahrhundertealtes Brauchtum jedes Jahr aufs Neue zum Leben erweckt und rauschend gefeiert wird. Bei zahlreichen Umz\u00fcgen, B\u00e4llen und n\u00e4rrischen Aktionen lassen sich traditionsreiche Masken und H\u00e4str\u00e4ger aus vier verschiedenen L\u00e4ndern bestaunen, wodurch die Fasnacht am Bodensee erst einzigartig wird. Um diese regionalen Br\u00e4uche und Traditionen zu sch\u00fctzen, nahm die UNESCO die \u201eschw\u00e4bisch-alemannische Fasnacht\u201c im Jahr 2014 in das bundesweite Verzeichnis des Immateriellen Kulturerbes auf.<br \/>\nKonstanz: \u201cHo Narro!\u201d<\/strong><\/p>\n<p>\u201cHo Narro!\u201c schallt es w\u00e4hrend der Fasnachtszeit durch Konstanz, wenn sich die Narren untereinander gr\u00fc\u00dfen. Mit dem Butzenlauf (22.02.2017), einer der \u00e4ltesten Fasnachtstraditionen S\u00fcddeutschlands, \u00fcbernehmen die Narren f\u00fcr die kommenden Tage das Regiment in der gr\u00f6\u00dften Stadt am See. Am Hemdglonker (Schmotziger Dunschtig, 23.02.2017) ziehen die in wei\u00dfen Nachthemden gekleideten Umzugsteilnehmer singend und l\u00e4rmend durch die Gassen. Ein weiterer H\u00f6hepunkt der Konstanzer Fasnacht ist der Sonntagsumzug (26.02.2017) durch die historische Innenstadt.<\/p>\n<div id=\"attachment_6348\" style=\"width: 610px\" class=\"wp-caption alignleft\"><img aria-describedby=\"caption-attachment-6348\" loading=\"lazy\" src=\"http:\/\/www.schechler.com\/see-infos\/wp-content\/uploads\/2015\/02\/DSC00475.jpg\" alt=\"\" width=\"600\" height=\"399\" class=\"size-full wp-image-6348\" srcset=\"http:\/\/see-infos.de\/wp-content\/uploads\/2015\/02\/DSC00475.jpg 600w, http:\/\/see-infos.de\/wp-content\/uploads\/2015\/02\/DSC00475-300x200.jpg 300w\" sizes=\"(max-width: 600px) 100vw, 600px\" \/><p id=\"caption-attachment-6348\" class=\"wp-caption-text\">Die Wei\u00dfnarren auf dem Narrensprung 2015 in Bad Waldsee. Figur: Der Faselhannes<\/p><\/div>\n<p><strong>H\u00e4nselejuck und Narrengericht<\/strong><br \/>\nMit seinen sch\u00f6nen Pl\u00e4tzen, den alten Geb\u00e4uden und eleganten H\u00e4usern ist \u00dcberlingen eine der bezauberndsten St\u00e4dte am Bodenseeufer. Der Fasnachtssamstag (25.02.2017) ist sicherlich der richtige Moment f\u00fcr einen Besuch, wenn die traditionellen H\u00e4nsele Peitschen knallend, l\u00e4rmend und h\u00fcpfend durch das mittelalterliche Franziskanertor und die erleuchtenden Stra\u00dfen ziehen, um nicht nur dem Winter den Garaus zu machen. In Stockach, nordwestlich von \u00dcberlingen, tagt am Schmotzigen Dunschtig das traditionsreiche \u201eHohe Grobg\u00fcnstige Narrengericht zu Stockach\u201c. Personen des \u00f6ffentlichen Lebens, darunter h\u00e4ufig Landes- oder Bundespolitiker m\u00fcssen vor dem n\u00e4rrischen R\u00fcgegericht die bissige Rede des Kl\u00e4gers \u00fcber sich ergehen lassen. Im Jahr 2017 verhandelt das Gericht gegen die Ministerpr\u00e4sidentin des Landes Rheinland-Pfalz, Vorsitzende der Rundfunkkommission der L\u00e4nder und Pr\u00e4sidentin des Deutschen Bundesrates Malu Dreyer (SPD). Dies ist gleichzeitig die 50. Verhandlung gegen eine Person des \u00f6ffentlichen, politischen Lebens.<\/p>\n<p><strong>Mittelalterliche Schreier und Hexen in Oberschwaben<\/strong><br \/>\nEinige der charakteristischsten Masken der schw\u00e4bisch-alemannischen Fasnacht findet man in Oberschwaben. Hier besteht eine lange Fasnachtstradition, die in einigen F\u00e4llen auf die gro\u00dfe Pest im XIV. Jahrhundert zur\u00fcckgeht. In Bad Saulgau erinnert der Dorausschreier (der T\u00fcrschreier) an eine Pestgestalt, die bewaffnet mit einem Korb an einem sehr langen Stock Lebensmittel zu den Kranken brachte. Besonders beeindruckend ist der Hexentanz der Schr\u00e4ttele von Bad Waldsee, die um Mitternacht den Beginn des Schmotzigen Dunschtig mit einem Tanz um ein gro\u00dfes Feuer einl\u00e4uten. In Bad Saulgau ist der Fasnachtsfreitag (24.02.2017) den Kindern gewidmet, die sich traditionell verkleiden und das Gesicht mit Kohle schw\u00e4rzen, um sich bei einem gro\u00dfen Ball mit Spielen, S\u00fc\u00dfigkeiten und anderen Leckereien zu vergn\u00fcgen.<\/p>\n<p><strong>Fasnacht in St.Gallen, Liechtenstein und Vorarlberg<\/strong><br \/>\nFr\u00fch auf den Beinen muss man sein, um die traditionelle Aaguggete in St.Gallen nicht zu verpassen: am Schmotzigen Dunschtig um 6 Uhr morgens erwacht die UNESCO-Stadt aus der n\u00e4chtlichen Tr\u00e4gheit und feiert die Fasnacht mit Masken, B\u00e4llen, Konfetti und der traditionellen Guggenmusik. Bis zum Fasnachtsdienstag l\u00f6st in der Stadt ein Event das Andere ab. Wer Masken und Umz\u00fcge im nahe gelegenen F\u00fcrstentum Liechtenstein sucht, der wird im Dorf Schaan f\u00fcndig, wo die Fasnacht besonders popul\u00e4r ist. Am letzten Fasnachtsabend (28.02.2017) wird mit gro\u00dfen Lagerfeuern, Hexenverbrennungen und Klageliedern das Ende des n\u00e4rrischen Treibens gefeiert. In Voralberg werden die Feuer erst am ersten Fastensonntag angez\u00fcndet. Bei Einbruch der Dunkelheit wird eine Stoffpuppe an einem Holzpfahl verbrannt. <\/p>\n<p><strong>Ermatingen feiert die letzte Fasnacht der Welt<\/strong><br \/>\nDas Fischerdorf Ehrmatingen im Thugau feiert die sogenannte Groppenfasnacht bis zum vierten Sonntag der Fastenzeit (dieses Jahr am 26. M\u00e4rz 2017). Der \u00dcberlieferung nach fand Papst Johannes XXII w\u00e4hrend des Konzils von Konstanz Zuflucht in Ermatingen und wurde mit gebackenen Groppen, kleinen Raubfischen, verk\u00f6stigt. Daf\u00fcr belohnte er die Einwohner indem sie die &#8222;letzte Fasnacht der Welt&#8220; feiern konnten, w\u00e4hrend anderswo bereits Bu\u00dfe auferlegt war. Das Wahrzeichen der Groppenfasnacht in Ermatingen ist der Gropp, ein riesiger Fisch aus Pappmasche, der bei keinem Umzug fehlen darf. <\/p>\n<p><strong>Schlemmen vor der Fastenzeit<\/strong><br \/>\nBevor die Fastenzeit beginnt, darf in der n\u00e4rrischen Zeit nochmals geschlemmt werden. Mit Zucker bestreute Fasnachtsk\u00fcchle und mit Aprikosenmarmelade gef\u00fcllte Krapfen sind typische Fasnachtsleckereien. In jedem der vier L\u00e4ndern rund um den See werden zudem regionaltypische Speisen angeboten: in der Schweiz ist das K\u00e4sefondue ein absolutes Muss, in St.Gallen die Bratwurst. Das Nationalgericht des F\u00fcrstentums Liechtenstein sind K\u00e4skn\u00f6pfle mit Zwiebeln und Apfelkompott serviert. Diese sind auch in Vorarlberg sehr beliebt. Dort gibt es zudem hervorragende S\u00fc\u00dfigkeiten: von Schokolade mit N\u00fcssen und \u00c4pfeln bis zum Voralberger Riebel, ein Gericht aus Mais, Milch, Butter und Zucker. In Konstanz und in Oberschwaben muss man unbedingt die D\u00fcnnele \/ Dinnete probieren, ein Flammkuchen mit Zwiebeln, Speck und Schnittlauch.<\/p>\n<p><strong>Attraktive \u00dcbernachtungsangebote<\/strong><br \/>\nN\u00e4rrisches Treiben am Tag, Entspannung und Erholung am Abend: mit den Winterangeboten rund um den See wird der Fasnachtsaufenthalt zum Bodenseeurlaub. Noch bis Mitte M\u00e4rz ist die Pauschale \u201eKonstanzer Winterspezial\u201c buchbar, die mehrere \u00dcbernachtungen im Hotel und einen Ausflug nach Wahl beinhaltet. Den optimalen Ausgleich zur bunten Fasnacht bietet die \u201eWinterlove\u201c Pauschale des Hotels Ko\u2019Ono in Konstanz. Nach einem n\u00e4rrischen Tag kann bei S\u00fcdsee-Flair im Wellnessbereich entspannt werden. Im nahe gelegenen Radolfzell kann man ab 113,80 \u20ac pro Person zwei N\u00e4chte im Hotel K99 verbringen und erh\u00e4lt zus\u00e4tzlich eine Tageseintrittskarte f\u00fcr die Bodensee-Therme Konstanz. Wer etwas l\u00e4nger bleiben m\u00f6chte, kann mit dem \u201cWinter Schnupper-Paket\u201c des Wirthshof in Markdorf f\u00fcnf N\u00e4chte lang im vier Sterne Hotel entspannen. Mit der Pauschale \u201e4-L\u00e4nder Spa\u00df\u201c gibt es in St.Gallen zwei \u00dcbernachtungen und das Urlaubsticket der Vierl\u00e4nderregion: die BodenseeErlebniskarte WINTER \u00f6ffnet Ihnen die T\u00fcren zu 60 Ausflugszielen in der Vierl\u00e4nderregion Bodensee.<\/p>\n<p>Diese und weitere Pauschalangebote gibt es unter: <a href=\"http:\/\/www.bodensee.eu\" target=\"_blank\" rel=\"noopener noreferrer\">www.bodensee.eu<\/a> Men\u00fcpunkt Darum buchen, Pauschalen.<\/p>\n<div class=\"twoclick_social_bookmarks_post_13155 social_share_privacy clearfix 1.6.4 locale-de_DE sprite-de_DE\"><\/div><div class=\"twoclick-js\"><script type=\"text\/javascript\">\/* <![CDATA[ *\/\njQuery(document).ready(function($){if($('.twoclick_social_bookmarks_post_13155')){$('.twoclick_social_bookmarks_post_13155').socialSharePrivacy({\"services\":{\"twitter\":{\"reply_to\":\"\",\"tweet_text\":\"Die%20Narren%20%C3%BCbernehmen%20%E2%80%93%20Fasnacht%20am%20Bodensee%20%C2%BB%20See-Infos.de%20%23Fasnacht\",\"status\":\"on\",\"txt_info\":\"2 Klicks f\\u00fcr mehr Datenschutz: Erst wenn Sie hier klicken, wird der Button aktiv und Sie k\\u00f6nnen Ihre Empfehlung an Twitter senden. Schon beim Aktivieren werden Daten an Dritte \\u00fcbertragen - siehe <em>i<\\\/em>.\",\"perma_option\":\"off\",\"language\":\"de\",\"referrer_track\":\"\"},\"gplus\":{\"status\":\"on\",\"txt_info\":\"2 Klicks f\\u00fcr mehr Datenschutz: Erst wenn Sie hier klicken, wird der Button aktiv und Sie k\\u00f6nnen Ihre Empfehlung an Google+ senden. Schon beim Aktivieren werden Daten an Dritte \\u00fcbertragen - siehe <em>i<\\\/em>.\",\"perma_option\":\"off\",\"referrer_track\":\"\"},\"xing\":{\"status\":\"on\",\"txt_info\":\"2 Klicks f\\u00fcr mehr Datenschutz: Erst wenn Sie hier klicken, wird der Button aktiv und Sie k\\u00f6nnen Ihre Empfehlung an Xing senden. Schon beim Aktivieren werden Daten an Dritte \\u00fcbertragen - siehe <em>i<\\\/em>.\",\"perma_option\":\"off\",\"language\":\"de\",\"referrer_track\":\"\"},\"pinterest\":{\"status\":\"on\",\"the_excerpt\":\"Die Narren \\u00fcbernehmen \\u2013 Fasnacht am Bodensee\",\"txt_info\":\"2 Klicks f\\u00fcr mehr Datenschutz: Erst wenn Sie hier klicken, wird der Button aktiv und Sie k\\u00f6nnen Ihre Empfehlung an Pinterest senden. Schon beim Aktivieren werden Daten an Dritte \\u00fcbertragen - siehe <em>i<\\\/em>.\",\"perma_option\":\"off\",\"media\":\"http:\\\/\\\/see-infos.de\\\/wp-content\\\/uploads\\\/2015\\\/02\\\/DSC00475.jpg\"},\"linkedin\":{\"status\":\"on\",\"txt_info\":\"2 Klicks f\\u00fcr mehr Datenschutz: Erst wenn Sie hier klicken, wird der Button aktiv und Sie k\\u00f6nnen Ihre Empfehlung an LinkedIn senden. Schon beim Aktivieren werden Daten an Dritte \\u00fcbertragen - siehe <em>i<\\\/em>.\",\"perma_option\":\"off\"}},\"txt_help\":\"Wenn Sie diese Felder durch einen Klick aktivieren, werden Informationen an Facebook, Twitter, Flattr, Xing, t3n, LinkedIn, Pinterest oder Google eventuell ins Ausland \\u00fcbertragen und unter Umst\\u00e4nden auch dort gespeichert. N\\u00e4heres erfahren Sie durch einen Klick auf das <em>i<\\\/em>.\",\"settings_perma\":\"Dauerhaft aktivieren und Daten\\u00fcber-tragung zustimmen:\",\"info_link\":\"http:\\\/\\\/www.heise.de\\\/ct\\\/artikel\\\/2-Klicks-fuer-mehr-Datenschutz-1333879.html\",\"uri\":\"http:\\\/\\\/see-infos.de\\\/?p=13155\",\"post_id\":13155,\"post_title_referrer_track\":\"Die+Narren+%C3%BCbernehmen+%E2%80%93+Fasnacht+am+Bodensee\",\"display_infobox\":\"on\"});}});\n\/* ]]> *\/<\/script><\/div>","protected":false},"excerpt":{"rendered":"<p>#Fasnacht Trommelschl\u00e4ge, bunte Kost\u00fcme und n\u00e4rrisches Treiben: die vier L\u00e4nder rund um den See feiern die f\u00fcnfte Jahreszeit. Einst sollten die altehrw\u00fcrdigen Masken und der Klang der Fanfaren den langen Winter vertreiben. Heute ist die Fasnacht einer der H\u00f6hepunkte der Winterzeit, bei dem jahrhundertealtes Brauchtum jedes Jahr aufs Neue zum Leben erweckt und rauschend gefeiert [&hellip;]<\/p>\n","protected":false},"author":1,"featured_media":6348,"comment_status":"closed","ping_status":"closed","sticky":false,"template":"","format":"standard","meta":[],"categories":[1,7],"tags":[24],"_links":{"self":[{"href":"http:\/\/see-infos.de\/index.php?rest_route=\/wp\/v2\/posts\/13155"}],"collection":[{"href":"http:\/\/see-infos.de\/index.php?rest_route=\/wp\/v2\/posts"}],"about":[{"href":"http:\/\/see-infos.de\/index.php?rest_route=\/wp\/v2\/types\/post"}],"author":[{"embeddable":true,"href":"http:\/\/see-infos.de\/index.php?rest_route=\/wp\/v2\/users\/1"}],"replies":[{"embeddable":true,"href":"http:\/\/see-infos.de\/index.php?rest_route=%2Fwp%2Fv2%2Fcomments&post=13155"}],"version-history":[{"count":0,"href":"http:\/\/see-infos.de\/index.php?rest_route=\/wp\/v2\/posts\/13155\/revisions"}],"wp:featuredmedia":[{"embeddable":true,"href":"http:\/\/see-infos.de\/index.php?rest_route=\/wp\/v2\/media\/6348"}],"wp:attachment":[{"href":"http:\/\/see-infos.de\/index.php?rest_route=%2Fwp%2Fv2%2Fmedia&parent=13155"}],"wp:term":[{"taxonomy":"category","embeddable":true,"href":"http:\/\/see-infos.de\/index.php?rest_route=%2Fwp%2Fv2%2Fcategories&post=13155"},{"taxonomy":"post_tag","embeddable":true,"href":"http:\/\/see-infos.de\/index.php?rest_route=%2Fwp%2Fv2%2Ftags&post=13155"}],"curies":[{"name":"wp","href":"https:\/\/api.w.org\/{rel}","templated":true}]}}