{"id":13135,"date":"2017-12-05T13:36:15","date_gmt":"2017-12-05T12:36:15","guid":{"rendered":"http:\/\/www.see-infos.de\/?p=13135"},"modified":"2022-08-10T09:11:53","modified_gmt":"2022-08-10T07:11:53","slug":"see-infos-de-trifft-3","status":"publish","type":"post","link":"http:\/\/see-infos.de\/?p=13135","title":{"rendered":"See-Infos.de trifft \u2026"},"content":{"rendered":"<p>&#8230; Marcella Lassen. Die amerikanische K\u00fcnstlerin mit europ\u00e4ischen Wurzel stellt Ihre Werke derzeit im Museum Art Cars Singen aus.<\/p>\n<p>#macsingen #kunstmuseum #museumartcars #marcellalassen <\/p>\n<h3>\u201eMarcella Lassen \u2013 natural icons\u201c<\/h3>\n<p><strong>Das MAC Museum Art &amp; Cars pr\u00e4sentiert bis 4.Juni 2017 in der Galerie die Ausstellung der international bekannten K\u00fcnstlerin Marcella Lassen.<\/strong><\/p>\n<p>Die Laudatio zur Vernissage hielt Siegmund Kopitzki. Nach mehreren kleineren Problemen vor Beginn sprach Kopitzki \u00fcber die Kunstgeschichte im Allgemeinen und spannte einen weiten Bogen von den R\u00f6mern bis Warhol. Erg\u00e4nzt wurde sein Vortrag um seine eigenen Interpretationen von zwei Bildern der Ausstellung. Mehr \u00fcber das Leben und Wirken der K\u00fcnstlerin h\u00e4tte die Anwesenden interessiert. Die Vernissage war sehr gut besucht, die Bilder gefielen reihum. <\/p>\n<blockquote><p>&#8222;Kein Tag ohne Linie!&#8220;, so das Motto der K\u00fcnstlerin.<\/p><\/blockquote>\n<div id=\"attachment_13142\" style=\"width: 610px\" class=\"wp-caption alignleft\"><img aria-describedby=\"caption-attachment-13142\" loading=\"lazy\" src=\"http:\/\/www.schechler.com\/see-infos\/wp-content\/uploads\/2017\/02\/DSC05303.jpg\" alt=\"\" width=\"600\" height=\"401\" class=\"size-full wp-image-13142\" srcset=\"http:\/\/see-infos.de\/wp-content\/uploads\/2017\/02\/DSC05303.jpg 600w, http:\/\/see-infos.de\/wp-content\/uploads\/2017\/02\/DSC05303-300x201.jpg 300w\" sizes=\"(max-width: 600px) 100vw, 600px\" \/><p id=\"caption-attachment-13142\" class=\"wp-caption-text\">See-Infos.de Chefredaktuer MK Schechler im Gespr\u00e4ch mit der K\u00fcnstlerin Marcella Lassen. Thema ist ihr Bild &#8222;Smith&#8220; aus dem Jahr 2014. Abgebildet ist die US-amerikanische Lyrikerin, Punk- und Rocks\u00e4ngerin Patti Smith umgeben von gelben Fischen und Blumen<\/p><\/div>\n<p>Marcella Lassen ist in zwei Kulturkreisen zuhause \u2013 sowohl im Amerikanischen als auch im Europ\u00e4ischen. Diese Einfl\u00fcsse spiegeln sich in Ihrer Arbeit wider und sind nicht nur integraler Bestandteil dessen, sondern zeigen sich auch als Besonderheit in ihren Werken.<\/p>\n<p>Ihr Thema sind Ikonen, im Sinne von Personen, Lebewesen oder Gegenst\u00e4nde die in den westlichen Industriegesellschaften verehrt, verg\u00f6ttert und nachgeahmt werden. Der zeitgen\u00f6ssische Begriff \u201eIkone\u201c beinhaltet ein breites Spektrum und die Auseinandersetzung der K\u00fcnstlerin hiermit f\u00fchrt zu verdichteten Erkenntnissen \u00fcber die Gesellschaft des 21. Jahrhunderts im allgemeinen und dem Individuum Mensch im speziellen.<\/p>\n<p>Diese Erkenntnisse sind die Triebfeder zu einer fortlaufenden wandelnden Bildsprache der K\u00fcnstlerin, eine die von einem gegenst\u00e4ndlichen Realismus sowie einer eigenwilligen Farbpalette stark charakterisiert ist. Die kollageartigen Bildkompositionen bewegen sich zwischen einem narrativen Ansatz, sind gelegentlich tr\u00e4umerisch bis hin zu einer fast surrealistischen Entfaltung.<\/p>\n<p>Ausstellungszeitraum<br \/>\n05.02.2017 \u2013 04.06.2017<\/p>\n<p>MAC Museum Art &amp; Cars<br \/>\nParkstra\u00dfe 1 &#8211; 78224 Singen<br \/>\n<a href=\"http:\/\/www.museum-art-cars.com\" target=\"_blank\" rel=\"noopener noreferrer\">www.museum-art-cars.com<\/a><\/p>\n<p>Homepage der K\u00fcnstlerin: <a href=\"http:\/\/www.marcellalassen.com\" target=\"_blank\" rel=\"noopener noreferrer\">www.marcellalassen.com<\/a><\/p>\n<p><strong>Impressionen der Vernissage \u201eMarcella Lassen \u2013 natural icons\u201c<\/strong><br \/>\nSamstag, 04.02.2017 um 16 Uhr<\/p>\n<p><img src=\"http:\/\/www.schechler.com\/see-infos\/wp-content\/uploads\/2017\/02\/DSC05290.jpg\" alt=\"Vernissage\" \/><\/p>\n<p><img src=\"http:\/\/www.schechler.com\/see-infos\/wp-content\/uploads\/2017\/02\/DSC05293.jpg\" alt=\"Vernissage\" \/><\/p>\n<p><img src=\"http:\/\/www.schechler.com\/see-infos\/wp-content\/uploads\/2017\/02\/DSC05297.jpg\" alt=\"Vernissage\" \/><\/p>\n<div class=\"twoclick_social_bookmarks_post_13135 social_share_privacy clearfix 1.6.4 locale-de_DE sprite-de_DE\"><\/div><div class=\"twoclick-js\"><script type=\"text\/javascript\">\/* <![CDATA[ *\/\njQuery(document).ready(function($){if($('.twoclick_social_bookmarks_post_13135')){$('.twoclick_social_bookmarks_post_13135').socialSharePrivacy({\"services\":{\"twitter\":{\"reply_to\":\"\",\"tweet_text\":\"See-Infos.de%20trifft%20%E2%80%A6%20%C2%BB%20See-Infos.de%20%23Kunst%20%23Museum%20%23Singen\",\"status\":\"on\",\"txt_info\":\"2 Klicks f\\u00fcr mehr Datenschutz: Erst wenn Sie hier klicken, wird der Button aktiv und Sie k\\u00f6nnen Ihre Empfehlung an Twitter senden. Schon beim Aktivieren werden Daten an Dritte \\u00fcbertragen - siehe <em>i<\\\/em>.\",\"perma_option\":\"off\",\"language\":\"de\",\"referrer_track\":\"\"},\"gplus\":{\"status\":\"on\",\"txt_info\":\"2 Klicks f\\u00fcr mehr Datenschutz: Erst wenn Sie hier klicken, wird der Button aktiv und Sie k\\u00f6nnen Ihre Empfehlung an Google+ senden. Schon beim Aktivieren werden Daten an Dritte \\u00fcbertragen - siehe <em>i<\\\/em>.\",\"perma_option\":\"off\",\"referrer_track\":\"\"},\"xing\":{\"status\":\"on\",\"txt_info\":\"2 Klicks f\\u00fcr mehr Datenschutz: Erst wenn Sie hier klicken, wird der Button aktiv und Sie k\\u00f6nnen Ihre Empfehlung an Xing senden. Schon beim Aktivieren werden Daten an Dritte \\u00fcbertragen - siehe <em>i<\\\/em>.\",\"perma_option\":\"off\",\"language\":\"de\",\"referrer_track\":\"\"},\"pinterest\":{\"status\":\"on\",\"the_excerpt\":\"See-Infos.de trifft \\u2026\",\"txt_info\":\"2 Klicks f\\u00fcr mehr Datenschutz: Erst wenn Sie hier klicken, wird der Button aktiv und Sie k\\u00f6nnen Ihre Empfehlung an Pinterest senden. Schon beim Aktivieren werden Daten an Dritte \\u00fcbertragen - siehe <em>i<\\\/em>.\",\"perma_option\":\"off\",\"media\":\"http:\\\/\\\/see-infos.de\\\/wp-content\\\/uploads\\\/2017\\\/02\\\/DSC05303.jpg\"},\"linkedin\":{\"status\":\"on\",\"txt_info\":\"2 Klicks f\\u00fcr mehr Datenschutz: Erst wenn Sie hier klicken, wird der Button aktiv und Sie k\\u00f6nnen Ihre Empfehlung an LinkedIn senden. Schon beim Aktivieren werden Daten an Dritte \\u00fcbertragen - siehe <em>i<\\\/em>.\",\"perma_option\":\"off\"}},\"txt_help\":\"Wenn Sie diese Felder durch einen Klick aktivieren, werden Informationen an Facebook, Twitter, Flattr, Xing, t3n, LinkedIn, Pinterest oder Google eventuell ins Ausland \\u00fcbertragen und unter Umst\\u00e4nden auch dort gespeichert. N\\u00e4heres erfahren Sie durch einen Klick auf das <em>i<\\\/em>.\",\"settings_perma\":\"Dauerhaft aktivieren und Daten\\u00fcber-tragung zustimmen:\",\"info_link\":\"http:\\\/\\\/www.heise.de\\\/ct\\\/artikel\\\/2-Klicks-fuer-mehr-Datenschutz-1333879.html\",\"uri\":\"http:\\\/\\\/see-infos.de\\\/?p=13135\",\"post_id\":13135,\"post_title_referrer_track\":\"See-Infos.de+trifft+%E2%80%A6\",\"display_infobox\":\"on\"});}});\n\/* ]]> *\/<\/script><\/div>","protected":false},"excerpt":{"rendered":"<p>&#8230; Marcella Lassen. Die amerikanische K\u00fcnstlerin mit europ\u00e4ischen Wurzel stellt Ihre Werke derzeit im Museum Art Cars Singen aus. #macsingen #kunstmuseum #museumartcars #marcellalassen \u201eMarcella Lassen \u2013 natural icons\u201c Das MAC Museum Art &amp; Cars pr\u00e4sentiert bis 4.Juni 2017 in der Galerie die Ausstellung der international bekannten K\u00fcnstlerin Marcella Lassen. Die Laudatio zur Vernissage hielt Siegmund [&hellip;]<\/p>\n","protected":false},"author":1,"featured_media":13142,"comment_status":"closed","ping_status":"closed","sticky":false,"template":"","format":"standard","meta":[],"categories":[1,19],"tags":[82,23,90],"_links":{"self":[{"href":"http:\/\/see-infos.de\/index.php?rest_route=\/wp\/v2\/posts\/13135"}],"collection":[{"href":"http:\/\/see-infos.de\/index.php?rest_route=\/wp\/v2\/posts"}],"about":[{"href":"http:\/\/see-infos.de\/index.php?rest_route=\/wp\/v2\/types\/post"}],"author":[{"embeddable":true,"href":"http:\/\/see-infos.de\/index.php?rest_route=\/wp\/v2\/users\/1"}],"replies":[{"embeddable":true,"href":"http:\/\/see-infos.de\/index.php?rest_route=%2Fwp%2Fv2%2Fcomments&post=13135"}],"version-history":[{"count":0,"href":"http:\/\/see-infos.de\/index.php?rest_route=\/wp\/v2\/posts\/13135\/revisions"}],"wp:featuredmedia":[{"embeddable":true,"href":"http:\/\/see-infos.de\/index.php?rest_route=\/wp\/v2\/media\/13142"}],"wp:attachment":[{"href":"http:\/\/see-infos.de\/index.php?rest_route=%2Fwp%2Fv2%2Fmedia&parent=13135"}],"wp:term":[{"taxonomy":"category","embeddable":true,"href":"http:\/\/see-infos.de\/index.php?rest_route=%2Fwp%2Fv2%2Fcategories&post=13135"},{"taxonomy":"post_tag","embeddable":true,"href":"http:\/\/see-infos.de\/index.php?rest_route=%2Fwp%2Fv2%2Ftags&post=13135"}],"curies":[{"name":"wp","href":"https:\/\/api.w.org\/{rel}","templated":true}]}}