{"id":1294,"date":"2013-12-17T17:23:53","date_gmt":"2013-12-17T16:23:53","guid":{"rendered":"http:\/\/www.see-infos.de\/?p=1294"},"modified":"2022-07-30T11:17:10","modified_gmt":"2022-07-30T09:17:10","slug":"faszinierender-blick-in-den-bodensee","status":"publish","type":"post","link":"http:\/\/see-infos.de\/?p=1294","title":{"rendered":"Faszinierender Blick in den Bodensee"},"content":{"rendered":"<p><strong>EU-gef\u00f6rdertes Projekt \u201eTiefensch\u00e4rfe\u201c kartiert den Bodensee neu<\/strong><br \/>\nWie sieht es auf dem Grund des Bodensees genau aus? Auf den Spuren dieser Frage zieht seit April dieses Jahres das Forschungsschiff \u201eKormoran&#8220; seine Bahnen auf dem drittgr\u00f6\u00dften See Mitteleuropas. Es geh\u00f6rt zum Institut f\u00fcr Seenforschung Langenargen (ISF) der Landesanstalt f\u00fcr Umwelt, Messungen und Naturschutz Baden-W\u00fcrttemberg (LUBW), das den Bodensee im Auftrag der Internationalen Gew\u00e4sserschutzkommission f\u00fcr den Bodensee (IGKB) neu vermisst.<\/p>\n<p>Am Bug f\u00fchrt das 75 Tonnen schwere Schiff ein hochmodernes F\u00e4cherecholot mit, das den Grund des Bodensees fl\u00e4chendeckend abtastet und damit erstmals ein hochaufl\u00f6sendes dreidimensionales Gel\u00e4ndemodell erm\u00f6glicht. In Kombination mit dem lasergest\u00fctzten Messverfahren LIDAR zur Vermessung der flacheren Wasserzonen aus der Luft, liefert das F\u00e4cherecholot eine einmalige Datenf\u00fclle, die im Rahmen des Forschungsprojektes \u201eTiefensch\u00e4rfe &#8211; Hochaufl\u00f6sende Vermessung Bodensee&#8220; erfasst und ausgewertet wird. An dem Projekt, das von der EU im Rahmen des Regionalprogramms Interreg IV gef\u00f6rdert wird, nehmen alle Anrainerstaaten des Bodensees teil.<\/p>\n<p><strong>Konkreter Nutzen f\u00fcr die gesamte Region<\/strong><br \/>\nZiel des Projektes ist es, Wissenschaft und Wasserwirtschaft pr\u00e4zise Grundlagendaten zur Verf\u00fcgung zu stellen und damit einen wichtigen Beitrag f\u00fcr einen vorsorgenden Gew\u00e4sserschutz zu leisten. Sie dienen etwa zur Beurteilung und Planung wasserbaulicher Ma\u00dfnahmen wie Badestege, Versorgungsleitungen oder Einleitungen in das Gew\u00e4sser. Auch f\u00fcr Arch\u00e4ologie, Natur- und Denkmalschutz sowie Schifffahrt und Touristik ist eine genaue Kenntnis des Gew\u00e4sserbodens von hoher Bedeutung. Wenn beispielsweise aufgrund von niedrigen Wasserst\u00e4nden die Wei\u00dfe Flotte nicht mehr \u00fcberall anlegen kann und Ausbaggerungen geplant werden, kann das neue Datenmaterial elementare Informationen \u00fcber die zugrundeliegende Sedimentdynamik liefern. Zus\u00e4tzlich k\u00f6nnen Erkenntnisse auf dem Gebiet der Gefahrenabsch\u00e4tzung erlangt werden, etwa, was die Ausbreitung von Schadstoffen oder Treibholz angeht. Auch Privatleute werden die Basisdaten nutzen k\u00f6nnen.<\/p>\n<p><strong>Terabyteweise Daten <\/strong><br \/>\nDie erste Probefahrt mit dem F\u00e4cherecholot neuester Generation unternahmen die Forscher Anfang April auf dem Obersee und starteten mit der ersten Messphase auf dem \u00dcberlinger See. Messungen auf dem Untersee und in flacherem Wasser in der Friedrichshafener und Bregenzer Bucht folgten. Anfang Juni konnten Techniker eine zweite Prozessoreinheit installieren, so dass das Schiff jetzt in tieferem Wasser mit h\u00f6herer Geschwindigkeit fahren kann &#8211; selbstverst\u00e4ndlich bei gleichbleibender Messqualit\u00e4t. Neben dem F\u00e4cherecholot verwenden die Forscher auch ein Sedimentecholot, einen sogenannten Subbottom-Profiler, vom Institut f\u00fcr Geographie an der Universit\u00e4t Jena, das zur Kontrolle der Daten des F\u00e4cherecholotes genutzt wird und dar\u00fcber hinaus ein dichtes Netz an zus\u00e4tzlichen Daten und Erkenntnissen liefert. Mithilfe weiterer Sonden k\u00f6nnen au\u00dferdem Informationen \u00fcber das Algenaufkommen am Bodensee sowie zu speziellen Wasserparametern wie der Leitf\u00e4higkeit, Tr\u00fcbung und Temperaturentwicklung gewonnen werden. Nach erfolgreichem Abschluss der ersten Messphase voraussichtlich im Juli erfolgt die Bereinigung und Aufbereitung der riesigen Datenmenge. Vermutlich im Winter 2013\/2014 starten die LIDAR-Messungen vom Flugzeug aus. Nachdem auch diese Daten aufbereitet und mit den Echolotdatens\u00e4tzen zusammengef\u00fchrt sind, werden voraussichtlich bis Mitte 2015 die neuen Gel\u00e4ndemodelle errechnet und verf\u00fcgbar gemacht werden.<\/p>\n<p>Weitere Informationen: <a href=\"http:\/\/www.tiefenschaerfe-bodensee.info\" target=\"_blank\" rel=\"noopener noreferrer\">www.tiefenschaerfe-bodensee.info<\/a><\/p>\n<div id=\"attachment_1300\" style=\"width: 610px\" class=\"wp-caption alignleft\"><img aria-describedby=\"caption-attachment-1300\" loading=\"lazy\" src=\"http:\/\/www.schechler.com\/see-infos\/wp-content\/uploads\/2013\/06\/Bodensee_Alpen_Mende_9677_10x15_300dpi_Bild_Achim_Mende.jpg\" alt=\"Bodensee von oben Faszinierender Bodensee-Perspektive. Im Vordergrund der \u00dcberlinger See mit \u00dcberlingen und der Insel Mainau mit Blick zum Schweizer Ufer, im Hintergrund die Kette der Vorarlberger und Schweizer Alpen. Bildnachweis: Projekt Tiefensch\u00e4rfe \/ Achim Mende\" width=\"600\" height=\"400\" class=\"size-full wp-image-1300\" srcset=\"http:\/\/see-infos.de\/wp-content\/uploads\/2013\/06\/Bodensee_Alpen_Mende_9677_10x15_300dpi_Bild_Achim_Mende.jpg 600w, http:\/\/see-infos.de\/wp-content\/uploads\/2013\/06\/Bodensee_Alpen_Mende_9677_10x15_300dpi_Bild_Achim_Mende-300x200.jpg 300w\" sizes=\"(max-width: 600px) 100vw, 600px\" \/><p id=\"caption-attachment-1300\" class=\"wp-caption-text\">Bodensee von oben<br \/>Faszinierender Bodensee-Perspektive. Im Vordergrund der \u00dcberlinger See mit \u00dcberlingen und der Insel Mainau mit Blick zum Schweizer Ufer, im Hintergrund die Kette der Vorarlberger und Schweizer Alpen.<br \/>Bildnachweis: Projekt Tiefensch\u00e4rfe \/ Achim Mende<\/p><\/div>\n<div class=\"twoclick_social_bookmarks_post_1294 social_share_privacy clearfix 1.6.4 locale-de_DE sprite-de_DE\"><\/div><div class=\"twoclick-js\"><script type=\"text\/javascript\">\/* <![CDATA[ *\/\njQuery(document).ready(function($){if($('.twoclick_social_bookmarks_post_1294')){$('.twoclick_social_bookmarks_post_1294').socialSharePrivacy({\"services\":{\"twitter\":{\"reply_to\":\"\",\"tweet_text\":\"Faszinierender%20Blick%20in%20den%20Bodensee%20%C2%BB%20See-Infos.de%20%23Technik\",\"status\":\"on\",\"txt_info\":\"2 Klicks f\\u00fcr mehr Datenschutz: Erst wenn Sie hier klicken, wird der Button aktiv und Sie k\\u00f6nnen Ihre Empfehlung an Twitter senden. Schon beim Aktivieren werden Daten an Dritte \\u00fcbertragen - siehe <em>i<\\\/em>.\",\"perma_option\":\"off\",\"language\":\"de\",\"referrer_track\":\"\"},\"gplus\":{\"status\":\"on\",\"txt_info\":\"2 Klicks f\\u00fcr mehr Datenschutz: Erst wenn Sie hier klicken, wird der Button aktiv und Sie k\\u00f6nnen Ihre Empfehlung an Google+ senden. Schon beim Aktivieren werden Daten an Dritte \\u00fcbertragen - siehe <em>i<\\\/em>.\",\"perma_option\":\"off\",\"referrer_track\":\"\"},\"xing\":{\"status\":\"on\",\"txt_info\":\"2 Klicks f\\u00fcr mehr Datenschutz: Erst wenn Sie hier klicken, wird der Button aktiv und Sie k\\u00f6nnen Ihre Empfehlung an Xing senden. Schon beim Aktivieren werden Daten an Dritte \\u00fcbertragen - siehe <em>i<\\\/em>.\",\"perma_option\":\"off\",\"language\":\"de\",\"referrer_track\":\"\"},\"pinterest\":{\"status\":\"on\",\"the_excerpt\":\"Faszinierender Blick in den Bodensee\",\"txt_info\":\"2 Klicks f\\u00fcr mehr Datenschutz: Erst wenn Sie hier klicken, wird der Button aktiv und Sie k\\u00f6nnen Ihre Empfehlung an Pinterest senden. Schon beim Aktivieren werden Daten an Dritte \\u00fcbertragen - siehe <em>i<\\\/em>.\",\"perma_option\":\"off\",\"media\":\"http:\\\/\\\/see-infos.de\\\/wp-content\\\/uploads\\\/2013\\\/06\\\/Bodensee_Alpen_Mende_9677_10x15_300dpi_Bild_Achim_Mende.jpg\"},\"linkedin\":{\"status\":\"on\",\"txt_info\":\"2 Klicks f\\u00fcr mehr Datenschutz: Erst wenn Sie hier klicken, wird der Button aktiv und Sie k\\u00f6nnen Ihre Empfehlung an LinkedIn senden. Schon beim Aktivieren werden Daten an Dritte \\u00fcbertragen - siehe <em>i<\\\/em>.\",\"perma_option\":\"off\"}},\"txt_help\":\"Wenn Sie diese Felder durch einen Klick aktivieren, werden Informationen an Facebook, Twitter, Flattr, Xing, t3n, LinkedIn, Pinterest oder Google eventuell ins Ausland \\u00fcbertragen und unter Umst\\u00e4nden auch dort gespeichert. N\\u00e4heres erfahren Sie durch einen Klick auf das <em>i<\\\/em>.\",\"settings_perma\":\"Dauerhaft aktivieren und Daten\\u00fcber-tragung zustimmen:\",\"info_link\":\"http:\\\/\\\/www.heise.de\\\/ct\\\/artikel\\\/2-Klicks-fuer-mehr-Datenschutz-1333879.html\",\"uri\":\"http:\\\/\\\/see-infos.de\\\/?p=1294\",\"post_id\":1294,\"post_title_referrer_track\":\"Faszinierender+Blick+in+den+Bodensee\",\"display_infobox\":\"on\"});}});\n\/* ]]> *\/<\/script><\/div>","protected":false},"excerpt":{"rendered":"<p>EU-gef\u00f6rdertes Projekt \u201eTiefensch\u00e4rfe\u201c kartiert den Bodensee neu Wie sieht es auf dem Grund des Bodensees genau aus? Auf den Spuren dieser Frage zieht seit April dieses Jahres das Forschungsschiff \u201eKormoran&#8220; seine Bahnen auf dem drittgr\u00f6\u00dften See Mitteleuropas. Es geh\u00f6rt zum Institut f\u00fcr Seenforschung Langenargen (ISF) der Landesanstalt f\u00fcr Umwelt, Messungen und Naturschutz Baden-W\u00fcrttemberg (LUBW), das [&hellip;]<\/p>\n","protected":false},"author":1,"featured_media":1300,"comment_status":"open","ping_status":"open","sticky":false,"template":"","format":"standard","meta":[],"categories":[1,7],"tags":[40],"_links":{"self":[{"href":"http:\/\/see-infos.de\/index.php?rest_route=\/wp\/v2\/posts\/1294"}],"collection":[{"href":"http:\/\/see-infos.de\/index.php?rest_route=\/wp\/v2\/posts"}],"about":[{"href":"http:\/\/see-infos.de\/index.php?rest_route=\/wp\/v2\/types\/post"}],"author":[{"embeddable":true,"href":"http:\/\/see-infos.de\/index.php?rest_route=\/wp\/v2\/users\/1"}],"replies":[{"embeddable":true,"href":"http:\/\/see-infos.de\/index.php?rest_route=%2Fwp%2Fv2%2Fcomments&post=1294"}],"version-history":[{"count":0,"href":"http:\/\/see-infos.de\/index.php?rest_route=\/wp\/v2\/posts\/1294\/revisions"}],"wp:featuredmedia":[{"embeddable":true,"href":"http:\/\/see-infos.de\/index.php?rest_route=\/wp\/v2\/media\/1300"}],"wp:attachment":[{"href":"http:\/\/see-infos.de\/index.php?rest_route=%2Fwp%2Fv2%2Fmedia&parent=1294"}],"wp:term":[{"taxonomy":"category","embeddable":true,"href":"http:\/\/see-infos.de\/index.php?rest_route=%2Fwp%2Fv2%2Fcategories&post=1294"},{"taxonomy":"post_tag","embeddable":true,"href":"http:\/\/see-infos.de\/index.php?rest_route=%2Fwp%2Fv2%2Ftags&post=1294"}],"curies":[{"name":"wp","href":"https:\/\/api.w.org\/{rel}","templated":true}]}}