{"id":10778,"date":"2016-12-18T13:03:08","date_gmt":"2016-12-18T12:03:08","guid":{"rendered":"http:\/\/www.see-infos.de\/?p=10778"},"modified":"2022-08-10T08:51:33","modified_gmt":"2022-08-10T06:51:33","slug":"see-infos-de-trifft","status":"publish","type":"post","link":"http:\/\/see-infos.de\/?p=10778","title":{"rendered":"See-Infos.de trifft &#8230;"},"content":{"rendered":"<p>&#8230; SKH Michael Herzog von W\u00fcrttemberg auf der Dom\u00e4ne Seeschloss Monrepos. <\/p>\n<p>Ein kurzes interessantes Gespr\u00e4ch zu den Themen Wein, Regionale Produkte und Bodensee konnten wir am Rande der HOME&#038;GARDEN Ausstellung f\u00fchren.<\/p>\n<div id=\"attachment_10779\" style=\"width: 610px\" class=\"wp-caption alignleft\"><img aria-describedby=\"caption-attachment-10779\" loading=\"lazy\" src=\"http:\/\/www.schechler.com\/see-infos\/wp-content\/uploads\/2016\/08\/HomeEtGarden_6090-001.jpg\" alt=\"See-Infos.de Chefredakteur MK Schechler im Gespr\u00e4ch mit SKH Michael Herzog von W\u00fcrttemberg\" width=\"600\" height=\"444\" class=\"size-full wp-image-10779\" srcset=\"http:\/\/see-infos.de\/wp-content\/uploads\/2016\/08\/HomeEtGarden_6090-001.jpg 600w, http:\/\/see-infos.de\/wp-content\/uploads\/2016\/08\/HomeEtGarden_6090-001-300x222.jpg 300w\" sizes=\"(max-width: 600px) 100vw, 600px\" \/><p id=\"caption-attachment-10779\" class=\"wp-caption-text\">See-Infos.de Chefredakteur MK Schechler im Gespr\u00e4ch mit SKH Michael Herzog von W\u00fcrttemberg<\/p><\/div>\n<div class=\"twoclick_social_bookmarks_post_10778 social_share_privacy clearfix 1.6.4 locale-de_DE sprite-de_DE\"><\/div><div class=\"twoclick-js\"><script type=\"text\/javascript\">\/* <![CDATA[ *\/\njQuery(document).ready(function($){if($('.twoclick_social_bookmarks_post_10778')){$('.twoclick_social_bookmarks_post_10778').socialSharePrivacy({\"services\":{\"twitter\":{\"reply_to\":\"\",\"tweet_text\":\"See-Infos.de%20trifft%20%E2%80%A6%20%C2%BB%20See-Infos.de\",\"status\":\"on\",\"txt_info\":\"2 Klicks f\\u00fcr mehr Datenschutz: Erst wenn Sie hier klicken, wird der Button aktiv und Sie k\\u00f6nnen Ihre Empfehlung an Twitter senden. Schon beim Aktivieren werden Daten an Dritte \\u00fcbertragen - siehe <em>i<\\\/em>.\",\"perma_option\":\"off\",\"language\":\"de\",\"referrer_track\":\"\"},\"gplus\":{\"status\":\"on\",\"txt_info\":\"2 Klicks f\\u00fcr mehr Datenschutz: Erst wenn Sie hier klicken, wird der Button aktiv und Sie k\\u00f6nnen Ihre Empfehlung an Google+ senden. Schon beim Aktivieren werden Daten an Dritte \\u00fcbertragen - siehe <em>i<\\\/em>.\",\"perma_option\":\"off\",\"referrer_track\":\"\"},\"xing\":{\"status\":\"on\",\"txt_info\":\"2 Klicks f\\u00fcr mehr Datenschutz: Erst wenn Sie hier klicken, wird der Button aktiv und Sie k\\u00f6nnen Ihre Empfehlung an Xing senden. Schon beim Aktivieren werden Daten an Dritte \\u00fcbertragen - siehe <em>i<\\\/em>.\",\"perma_option\":\"off\",\"language\":\"de\",\"referrer_track\":\"\"},\"pinterest\":{\"status\":\"on\",\"the_excerpt\":\"See-Infos.de trifft &#8230;\",\"txt_info\":\"2 Klicks f\\u00fcr mehr Datenschutz: Erst wenn Sie hier klicken, wird der Button aktiv und Sie k\\u00f6nnen Ihre Empfehlung an Pinterest senden. Schon beim Aktivieren werden Daten an Dritte \\u00fcbertragen - siehe <em>i<\\\/em>.\",\"perma_option\":\"off\",\"media\":\"http:\\\/\\\/see-infos.de\\\/wp-content\\\/uploads\\\/2016\\\/08\\\/HomeEtGarden_6090-001.jpg\"},\"linkedin\":{\"status\":\"on\",\"txt_info\":\"2 Klicks f\\u00fcr mehr Datenschutz: Erst wenn Sie hier klicken, wird der Button aktiv und Sie k\\u00f6nnen Ihre Empfehlung an LinkedIn senden. Schon beim Aktivieren werden Daten an Dritte \\u00fcbertragen - siehe <em>i<\\\/em>.\",\"perma_option\":\"off\"}},\"txt_help\":\"Wenn Sie diese Felder durch einen Klick aktivieren, werden Informationen an Facebook, Twitter, Flattr, Xing, t3n, LinkedIn, Pinterest oder Google eventuell ins Ausland \\u00fcbertragen und unter Umst\\u00e4nden auch dort gespeichert. N\\u00e4heres erfahren Sie durch einen Klick auf das <em>i<\\\/em>.\",\"settings_perma\":\"Dauerhaft aktivieren und Daten\\u00fcber-tragung zustimmen:\",\"info_link\":\"http:\\\/\\\/www.heise.de\\\/ct\\\/artikel\\\/2-Klicks-fuer-mehr-Datenschutz-1333879.html\",\"uri\":\"http:\\\/\\\/see-infos.de\\\/?p=10778\",\"post_id\":10778,\"post_title_referrer_track\":\"See-Infos.de+trifft+%26%238230%3B\",\"display_infobox\":\"on\"});}});\n\/* ]]> *\/<\/script><\/div>","protected":false},"excerpt":{"rendered":"<p>&#8230; SKH Michael Herzog von W\u00fcrttemberg auf der Dom\u00e4ne Seeschloss Monrepos. Ein kurzes interessantes Gespr\u00e4ch zu den Themen Wein, Regionale Produkte und Bodensee konnten wir am Rande der HOME&#038;GARDEN Ausstellung f\u00fchren.<\/p>\n","protected":false},"author":1,"featured_media":10779,"comment_status":"closed","ping_status":"closed","sticky":false,"template":"","format":"standard","meta":[],"categories":[1,19],"tags":[],"_links":{"self":[{"href":"http:\/\/see-infos.de\/index.php?rest_route=\/wp\/v2\/posts\/10778"}],"collection":[{"href":"http:\/\/see-infos.de\/index.php?rest_route=\/wp\/v2\/posts"}],"about":[{"href":"http:\/\/see-infos.de\/index.php?rest_route=\/wp\/v2\/types\/post"}],"author":[{"embeddable":true,"href":"http:\/\/see-infos.de\/index.php?rest_route=\/wp\/v2\/users\/1"}],"replies":[{"embeddable":true,"href":"http:\/\/see-infos.de\/index.php?rest_route=%2Fwp%2Fv2%2Fcomments&post=10778"}],"version-history":[{"count":0,"href":"http:\/\/see-infos.de\/index.php?rest_route=\/wp\/v2\/posts\/10778\/revisions"}],"wp:featuredmedia":[{"embeddable":true,"href":"http:\/\/see-infos.de\/index.php?rest_route=\/wp\/v2\/media\/10779"}],"wp:attachment":[{"href":"http:\/\/see-infos.de\/index.php?rest_route=%2Fwp%2Fv2%2Fmedia&parent=10778"}],"wp:term":[{"taxonomy":"category","embeddable":true,"href":"http:\/\/see-infos.de\/index.php?rest_route=%2Fwp%2Fv2%2Fcategories&post=10778"},{"taxonomy":"post_tag","embeddable":true,"href":"http:\/\/see-infos.de\/index.php?rest_route=%2Fwp%2Fv2%2Ftags&post=10778"}],"curies":[{"name":"wp","href":"https:\/\/api.w.org\/{rel}","templated":true}]}}