{"id":10380,"date":"2016-12-11T08:47:52","date_gmt":"2016-12-11T07:47:52","guid":{"rendered":"http:\/\/www.see-infos.de\/?p=10380"},"modified":"2022-08-10T08:51:05","modified_gmt":"2022-08-10T06:51:05","slug":"buchtipp-das-taegermoos-ein-deutsches-stueck-schweiz","status":"publish","type":"post","link":"http:\/\/see-infos.de\/?p=10380","title":{"rendered":"Buchtipp &#8222;Das T\u00e4germoos \u2013 Ein deutsches St\u00fcck Schweiz&#8220;"},"content":{"rendered":"<p>#taegermoos #rosgartenmuseum #suedverlag<br \/>\n<strong>Paradiesische Enklave und Kuriosum: Das T\u00e4germoos liegt auf Schweizer Boden, geh\u00f6rt aber der Stadt Konstanz \/ Im S\u00fcdverlag erscheint das Buch zur Sonderausstellung im Rosgartenmuseum<\/strong><\/p>\n<p>Es ist eine kuriose Ausnahmesituation, dass die deutsche Stadt Konstanz \u00fcber ein kleines St\u00fcck Schweiz verf\u00fcgt, genauer gesagt, \u00fcber 150 fruchtbare Hektar. Das sogenannte T\u00e4germoos liegt auf Schweizer Boden, aber Konstanzer G\u00e4rtner bauen hier seit Jahrhunderten Kohl, Zwiebeln, Salat, Tomaten und Kr\u00e4uter an und deutsche Kleing\u00e4rtner genie\u00dfen hier ihre gr\u00fcnen Oasen. Der Frage, wie es zu diesem \u201edeutschen St\u00fcck Schweiz\u201c kam, geht ab 16. Juli eine Sonderausstellung im Rosgartenmuseum Konstanz nach. Im Buch zur Ausstellung, \u201eDas T\u00e4germoos\u201c, erz\u00e4hlt Tobias Engelsing T\u00e4germoos-Geschichte(n). Das illustrierte Werk erscheint im S\u00fcdverlag.<\/p>\n<div id=\"attachment_10391\" style=\"width: 482px\" class=\"wp-caption alignleft\"><img aria-describedby=\"caption-attachment-10391\" loading=\"lazy\" class=\"size-full wp-image-10391\" src=\"http:\/\/www.schechler.com\/see-infos\/wp-content\/uploads\/2016\/06\/Taegermoos_Suedverlag_Cover.jpg\" alt=\"Tobias Engelsing Das T\u00e4germoos \u2013 Ein deutsches St\u00fcck Schweiz 2016, 1. Auflage 192 Seiten 150 Abbildungen in Farbe und schwarz-wei\u00df Hardcover S\u00fcdverlag ISBN 978-3-87800-098-3 19,90,-\u20ac Erscheint am 11.7.2016 \" width=\"472\" height=\"600\" srcset=\"http:\/\/see-infos.de\/wp-content\/uploads\/2016\/06\/Taegermoos_Suedverlag_Cover.jpg 472w, http:\/\/see-infos.de\/wp-content\/uploads\/2016\/06\/Taegermoos_Suedverlag_Cover-236x300.jpg 236w\" sizes=\"(max-width: 472px) 100vw, 472px\" \/><p id=\"caption-attachment-10391\" class=\"wp-caption-text\">Tobias Engelsing<br \/>Das T\u00e4germoos \u2013 Ein deutsches St\u00fcck Schweiz<br \/>2016, 1. Auflage<br \/>192 Seiten<br \/>150 Abbildungen in Farbe und schwarz-wei\u00df<br \/>Hardcover<br \/>S\u00fcdverlag<br \/>ISBN 978-3-87800-098-3<br \/>19,90,-\u20ac<br \/>Erscheint am 11.7.2016<\/p><\/div>\n<p>Ein \u201eZweiherrenland\u201c \u2013 das war und ist das T\u00e4germoos seit langer Zeit. Die Urspr\u00fcnge dieses ungew\u00f6hnlichen Status liegen mehr als 500 Jahre zur\u00fcck. Damals war Konstanz eine Freie Reichsstadt, verlor aber durch die Besetzung des Thurgaus im \u201eSchwabenkrieg\/ Schweizerkrieg\u201c das Hinterland. Die Grenzen der Eidgenossen-schaft lagen knapp hinter den Stadtmauern von Konstanz. Dennoch blieben Konstanz die Hoheitsrechte \u00fcber das Hinterland, zu dem auch das T\u00e4germoos geh\u00f6rte. Eine konfliktreiche Konstellation. Einigkeit aber herrschte in beiden L\u00e4ndern \u00fcber die herausragende Qualit\u00e4t der Gem\u00fcse. Daf\u00fcr war das T\u00e4germoos bekannt und die Herkunftsbezeichnung stand und steht bis heute daf\u00fcr. Das reich bebilderte Buch \u2013 u. a. mit zahlreichen historischen Abbildungen und Aufnahmen der Fotografin Hella Wolff-Seybold \u2013 l\u00e4dt ein zum Entdecken der wechselvollen Historie sowie der h\u00f6chst lebendigen Alltagsgeschichte rund um Grenzg\u00e4nger, Schmuggler und Gem\u00fcseg\u00e4rtner.<\/p>\n<p>\u00dcbrigens: Das T\u00e4germoos hat seinen Namen von der lehmigen feuchten Erde, die dort vorherrscht: Das altgermanische \u201edigra\u201c bezeichnet etwas Dichtes, Kompaktes, der althochdeutsche Ausdruck \u201eteger\u201c wird f\u00fcr Lehmerde benutzt. Der Begriff \u201eMoos\u201c weist auf ein ausgesprochen feuchtes Gebiet hin.<\/p>\n<div class=\"twoclick_social_bookmarks_post_10380 social_share_privacy clearfix 1.6.4 locale-de_DE sprite-de_DE\"><\/div><div class=\"twoclick-js\"><script type=\"text\/javascript\">\/* <![CDATA[ *\/\njQuery(document).ready(function($){if($('.twoclick_social_bookmarks_post_10380')){$('.twoclick_social_bookmarks_post_10380').socialSharePrivacy({\"services\":{\"twitter\":{\"reply_to\":\"\",\"tweet_text\":\"%20Buchtipp%20%E2%80%9EDas%20T%C3%A4germoos%20%E2%80%93%20Ein%20deutsches%20St%C3%BCck%20Schweiz%E2%80%9C%20...\",\"status\":\"on\",\"txt_info\":\"2 Klicks f\\u00fcr mehr Datenschutz: Erst wenn Sie hier klicken, wird der Button aktiv und Sie k\\u00f6nnen Ihre Empfehlung an Twitter senden. Schon beim Aktivieren werden Daten an Dritte \\u00fcbertragen - siehe <em>i<\\\/em>.\",\"perma_option\":\"off\",\"language\":\"de\",\"referrer_track\":\"\"},\"gplus\":{\"status\":\"on\",\"txt_info\":\"2 Klicks f\\u00fcr mehr Datenschutz: Erst wenn Sie hier klicken, wird der Button aktiv und Sie k\\u00f6nnen Ihre Empfehlung an Google+ senden. Schon beim Aktivieren werden Daten an Dritte \\u00fcbertragen - siehe <em>i<\\\/em>.\",\"perma_option\":\"off\",\"referrer_track\":\"\"},\"xing\":{\"status\":\"on\",\"txt_info\":\"2 Klicks f\\u00fcr mehr Datenschutz: Erst wenn Sie hier klicken, wird der Button aktiv und Sie k\\u00f6nnen Ihre Empfehlung an Xing senden. Schon beim Aktivieren werden Daten an Dritte \\u00fcbertragen - siehe <em>i<\\\/em>.\",\"perma_option\":\"off\",\"language\":\"de\",\"referrer_track\":\"\"},\"pinterest\":{\"status\":\"on\",\"the_excerpt\":\"Buchtipp &#8222;Das T\\u00e4germoos \\u2013 Ein deutsches St\\u00fcck Schweiz&#8220;\",\"txt_info\":\"2 Klicks f\\u00fcr mehr Datenschutz: Erst wenn Sie hier klicken, wird der Button aktiv und Sie k\\u00f6nnen Ihre Empfehlung an Pinterest senden. Schon beim Aktivieren werden Daten an Dritte \\u00fcbertragen - siehe <em>i<\\\/em>.\",\"perma_option\":\"off\",\"media\":\"http:\\\/\\\/see-infos.de\\\/wp-content\\\/uploads\\\/2016\\\/06\\\/Taegermoos_Suedverlag_Cover.jpg\"},\"linkedin\":{\"status\":\"on\",\"txt_info\":\"2 Klicks f\\u00fcr mehr Datenschutz: Erst wenn Sie hier klicken, wird der Button aktiv und Sie k\\u00f6nnen Ihre Empfehlung an LinkedIn senden. Schon beim Aktivieren werden Daten an Dritte \\u00fcbertragen - siehe <em>i<\\\/em>.\",\"perma_option\":\"off\"}},\"txt_help\":\"Wenn Sie diese Felder durch einen Klick aktivieren, werden Informationen an Facebook, Twitter, Flattr, Xing, t3n, LinkedIn, Pinterest oder Google eventuell ins Ausland \\u00fcbertragen und unter Umst\\u00e4nden auch dort gespeichert. N\\u00e4heres erfahren Sie durch einen Klick auf das <em>i<\\\/em>.\",\"settings_perma\":\"Dauerhaft aktivieren und Daten\\u00fcber-tragung zustimmen:\",\"info_link\":\"http:\\\/\\\/www.heise.de\\\/ct\\\/artikel\\\/2-Klicks-fuer-mehr-Datenschutz-1333879.html\",\"uri\":\"http:\\\/\\\/see-infos.de\\\/?p=10380\",\"post_id\":10380,\"post_title_referrer_track\":\"Buchtipp+%26%238222%3BDas+T%C3%A4germoos+%E2%80%93+Ein+deutsches+St%C3%BCck+Schweiz%26%238220%3B\",\"display_infobox\":\"on\"});}});\n\/* ]]> *\/<\/script><\/div>","protected":false},"excerpt":{"rendered":"<p>#taegermoos #rosgartenmuseum #suedverlag Paradiesische Enklave und Kuriosum: Das T\u00e4germoos liegt auf Schweizer Boden, geh\u00f6rt aber der Stadt Konstanz \/ Im S\u00fcdverlag erscheint das Buch zur Sonderausstellung im Rosgartenmuseum Es ist eine kuriose Ausnahmesituation, dass die deutsche Stadt Konstanz \u00fcber ein kleines St\u00fcck Schweiz verf\u00fcgt, genauer gesagt, \u00fcber 150 fruchtbare Hektar. Das sogenannte T\u00e4germoos liegt auf [&hellip;]<\/p>\n","protected":false},"author":1,"featured_media":10391,"comment_status":"closed","ping_status":"closed","sticky":false,"template":"","format":"standard","meta":[],"categories":[1,15],"tags":[16],"_links":{"self":[{"href":"http:\/\/see-infos.de\/index.php?rest_route=\/wp\/v2\/posts\/10380"}],"collection":[{"href":"http:\/\/see-infos.de\/index.php?rest_route=\/wp\/v2\/posts"}],"about":[{"href":"http:\/\/see-infos.de\/index.php?rest_route=\/wp\/v2\/types\/post"}],"author":[{"embeddable":true,"href":"http:\/\/see-infos.de\/index.php?rest_route=\/wp\/v2\/users\/1"}],"replies":[{"embeddable":true,"href":"http:\/\/see-infos.de\/index.php?rest_route=%2Fwp%2Fv2%2Fcomments&post=10380"}],"version-history":[{"count":0,"href":"http:\/\/see-infos.de\/index.php?rest_route=\/wp\/v2\/posts\/10380\/revisions"}],"wp:featuredmedia":[{"embeddable":true,"href":"http:\/\/see-infos.de\/index.php?rest_route=\/wp\/v2\/media\/10391"}],"wp:attachment":[{"href":"http:\/\/see-infos.de\/index.php?rest_route=%2Fwp%2Fv2%2Fmedia&parent=10380"}],"wp:term":[{"taxonomy":"category","embeddable":true,"href":"http:\/\/see-infos.de\/index.php?rest_route=%2Fwp%2Fv2%2Fcategories&post=10380"},{"taxonomy":"post_tag","embeddable":true,"href":"http:\/\/see-infos.de\/index.php?rest_route=%2Fwp%2Fv2%2Ftags&post=10380"}],"curies":[{"name":"wp","href":"https:\/\/api.w.org\/{rel}","templated":true}]}}